{"id":16634,"date":"2016-06-01T08:00:25","date_gmt":"2016-06-01T11:00:25","guid":{"rendered":"http:\/\/www.yungayino.cl\/noticias\/?p=16634"},"modified":"2016-06-01T09:32:48","modified_gmt":"2016-06-01T12:32:48","slug":"internos-participaron-en-concurso-de-pintura-organizado-por-el-daem","status":"publish","type":"post","link":"https:\/\/www.yungayino.cl\/noticias\/?p=16634","title":{"rendered":"Internos Participaron en Concurso de Pintura Organizado por el DAEM"},"content":{"rendered":"<p><img loading=\"lazy\" decoding=\"async\" class=\"alignnone size-full wp-image-16635\" src=\"http:\/\/www.yungayino.cl\/noticias\/wp-content\/uploads\/2016\/06\/carcel_pintura_201606.jpg\" alt=\"carcel_pintura_201606\" width=\"700\" height=\"350\" srcset=\"https:\/\/www.yungayino.cl\/noticias\/wp-content\/uploads\/2016\/06\/carcel_pintura_201606.jpg 700w, https:\/\/www.yungayino.cl\/noticias\/wp-content\/uploads\/2016\/06\/carcel_pintura_201606-300x150.jpg 300w\" sizes=\"auto, (max-width: 700px) 100vw, 700px\" \/><\/p>\n<p style=\"text-align: justify;\">Yungay, mi\u00e9rcoles 01 de junio 2016: Internos del Centro Detenci\u00f3n Preventiva de nuestra comuna participaron activamente del Concurso de Pintura en alusi\u00f3n al \u201cMes del Mar\u201d, donde los participantes plasmaron toda su creatividad, t\u00e9cnica y emociones en una obra original basada en el mar.<\/p>\n<p style=\"text-align: justify;\">\n<iframe loading=\"lazy\" src=\"https:\/\/www.facebook.com\/plugins\/post.php?href=https:\/\/www.facebook.com\/media\/set\/?set=a.1313652415316461.1073742835.159561284058919&#038;type=1&#038;l=2d53c90153&#038;l=a77e327dc6&#038;l=f5951f1994&#038;l=bfecbb8adf&#038;l=687b6bf5da&#038;width=500&#038;show_text=true&#038;height=691&#038;appId\" width=\"500\" height=\"691\" style=\"border:none;overflow:hidden\" scrolling=\"no\" frameborder=\"0\" allowTransparency=\"true\"><\/iframe><\/p>\n<p style=\"text-align: justify;\">El concurso fue organizado por el Departamento de Educaci\u00f3n Municipal (DAEM) y la actividad se inici\u00f3 con una ceremonia, la cual fue encabezada por el Capit\u00e1n de Gendarmer\u00eda Rodrigo Sol\u00eds O\u00f1ate, Marcelo Sep\u00falveda Castillo, Coordinador Comunal del Programa de Integraci\u00f3n Escolar DAEM, la concejala Ang\u00e9lica Cabezas y el concejal Marco Cuevas.<\/p>\n<p style=\"text-align: justify;\"><strong>Marcelo Sep\u00falveda Castillo<\/strong>, se\u00f1alo a los presentes que esta actividad es realizada por el DAEM como una iniciativa muy significativa de apoyo para la educaci\u00f3n de los internos y adem\u00e1s de estimularlos indicando que seguir\u00e1n realizando este tipo de actividades para apoyar la escuela carcelaria.<\/p>\n<p style=\"text-align: justify;\"><strong>Rodrigo Sol\u00eds O\u00f1ate<\/strong>, se\u00f1alo al Equipo del Portal Yungayino.cl, que este concurso se realiza anualmente en todos los colegios municipales, y por eso tambi\u00e9n se ejecuta en la Escuela B\u00e1sica de Adultos que tiene el Centro Detenci\u00f3n Preventiva de Yungay, lo que sirve para ayudar y estimular a los internos a que puedan integrarse de forma normal, tambi\u00e9n destac\u00f3 el buen nivel de los trabajos, lo que demuestra que est\u00e1 el inter\u00e9s y las ganas de poder hacer algo, adem\u00e1s destac\u00f3 la asistencia de autoridades lo que motiva a los internos por estas visitas.<\/p>\n<p style=\"text-align: justify;\">Finalmente el jurado eligi\u00f3 a los 3 ganadores de este concurso, donde se les hizo entrega de un regalo, adem\u00e1s de un diploma para todos los participantes.<\/p>\n<p style=\"text-align: justify;\">[su_button url=\u00bbhttps:\/\/www.facebook.com\/media\/set\/?set=a.1313652415316461.1073742835.159561284058919&amp;type=1&amp;l=2d53c90153&#8243; target=\u00bbblank\u00bb size=\u00bb7&#8243; radius=\u00bbround\u00bb icon=\u00bbicon: facebook-square\u00bb]FOTOGRAF\u00cdAS &#8211; Internos Participaron en Concurso de Pintura Organizado por el DAEM[\/su_button]<\/p>\n<p>&nbsp;<\/p>\n","protected":false},"excerpt":{"rendered":"<p>Yungay, mi\u00e9rcoles 01 de junio 2016: Internos del Centro Detenci\u00f3n Preventiva de nuestra comuna participaron activamente del Concurso de Pintura en alusi\u00f3n al \u201cMes del Mar\u201d, donde los participantes plasmaron toda su creatividad, t\u00e9cnica&#46;&#46;&#46;<\/p>\n","protected":false},"author":2,"featured_media":16635,"comment_status":"open","ping_status":"open","sticky":false,"template":"","format":"standard","meta":{"footnotes":""},"categories":[1],"tags":[494,375,355,1115,8,6,117],"class_list":["post-16634","post","type-post","status-publish","format-standard","has-post-thumbnail","hentry","category-noticias","tag-carcel","tag-concurso-pintura","tag-daem","tag-noticias","tag-yungay","tag-yungayino","tag-yungayinocl"],"_links":{"self":[{"href":"https:\/\/www.yungayino.cl\/noticias\/index.php?rest_route=\/wp\/v2\/posts\/16634","targetHints":{"allow":["GET"]}}],"collection":[{"href":"https:\/\/www.yungayino.cl\/noticias\/index.php?rest_route=\/wp\/v2\/posts"}],"about":[{"href":"https:\/\/www.yungayino.cl\/noticias\/index.php?rest_route=\/wp\/v2\/types\/post"}],"author":[{"embeddable":true,"href":"https:\/\/www.yungayino.cl\/noticias\/index.php?rest_route=\/wp\/v2\/users\/2"}],"replies":[{"embeddable":true,"href":"https:\/\/www.yungayino.cl\/noticias\/index.php?rest_route=%2Fwp%2Fv2%2Fcomments&post=16634"}],"version-history":[{"count":2,"href":"https:\/\/www.yungayino.cl\/noticias\/index.php?rest_route=\/wp\/v2\/posts\/16634\/revisions"}],"predecessor-version":[{"id":16637,"href":"https:\/\/www.yungayino.cl\/noticias\/index.php?rest_route=\/wp\/v2\/posts\/16634\/revisions\/16637"}],"wp:featuredmedia":[{"embeddable":true,"href":"https:\/\/www.yungayino.cl\/noticias\/index.php?rest_route=\/wp\/v2\/media\/16635"}],"wp:attachment":[{"href":"https:\/\/www.yungayino.cl\/noticias\/index.php?rest_route=%2Fwp%2Fv2%2Fmedia&parent=16634"}],"wp:term":[{"taxonomy":"category","embeddable":true,"href":"https:\/\/www.yungayino.cl\/noticias\/index.php?rest_route=%2Fwp%2Fv2%2Fcategories&post=16634"},{"taxonomy":"post_tag","embeddable":true,"href":"https:\/\/www.yungayino.cl\/noticias\/index.php?rest_route=%2Fwp%2Fv2%2Ftags&post=16634"}],"curies":[{"name":"wp","href":"https:\/\/api.w.org\/{rel}","templated":true}]}}