{"id":16654,"date":"2016-06-02T23:00:19","date_gmt":"2016-06-03T02:00:19","guid":{"rendered":"http:\/\/www.yungayino.cl\/noticias\/?p=16654"},"modified":"2016-06-03T00:33:17","modified_gmt":"2016-06-03T03:33:17","slug":"155-estudiantes-de-yungay-recibieron-su-computador-con-el-programa-me-conecto-para-aprender","status":"publish","type":"post","link":"https:\/\/www.yungayino.cl\/noticias\/?p=16654","title":{"rendered":"155 Estudiantes de Yungay Recibieron su Computador con el Programa \u201cMe Conecto Para Aprender\u201d"},"content":{"rendered":"<p><img loading=\"lazy\" decoding=\"async\" class=\"alignnone size-full wp-image-16645\" src=\"http:\/\/www.yungayino.cl\/noticias\/wp-content\/uploads\/2016\/06\/me_conecto_para_aprender_2016.jpg\" alt=\"me_conecto_para_aprender_2016\" width=\"700\" height=\"350\" srcset=\"https:\/\/www.yungayino.cl\/noticias\/wp-content\/uploads\/2016\/06\/me_conecto_para_aprender_2016.jpg 700w, https:\/\/www.yungayino.cl\/noticias\/wp-content\/uploads\/2016\/06\/me_conecto_para_aprender_2016-300x150.jpg 300w\" sizes=\"auto, (max-width: 700px) 100vw, 700px\" \/><\/p>\n<p style=\"text-align: justify;\">Yungay, jueves 02 de junio 2016: En el marco del programa <strong>\u201cMe Conecto para Aprender\u201d<\/strong>, la Provincial de Educaci\u00f3n junto a Junaeb hizo entrega de computadores a 155 estudiantes de s\u00e9ptimo b\u00e1sico de las escuelas municipales de Yungay.<\/p>\n<p style=\"text-align: justify;\">La ceremonia simb\u00f3lica tuvo lugar en el Auditorio de la Biblioteca P\u00fablica Oreste Montero y cont\u00f3 con la presencia del alcalde Pedro Inostroza Valenzuela, la Jefa DAEM de Yungay, Eugenia L\u00f3pez, la Supervisora de la Direcci\u00f3n Provincial de Educaci\u00f3n Srta. Berta Hormaz\u00e1bal Tapia, en representaci\u00f3n del Jefe Provincial de Educaci\u00f3n, Hern\u00e1n \u00c1lvarez, concejales Rafael Cifuentes y Juana Sandoval, adem\u00e1s de Directores y Familiares de los diferentes establecimiento de la comuna.<\/p>\n<p style=\"text-align: justify;\">\n<iframe loading=\"lazy\" src=\"https:\/\/www.facebook.com\/plugins\/post.php?href=https:\/\/www.facebook.com\/media\/set\/?set=a.1314857068529329.1073742838.159561284058919&#038;type=1&#038;l=0eec4ded63&#038;l=a77e327dc6&#038;l=f5951f1994&#038;l=bfecbb8adf&#038;l=687b6bf5da&#038;width=500&#038;show_text=true&#038;height=691&#038;appId\" width=\"500\" height=\"691\" style=\"border:none;overflow:hidden\" scrolling=\"no\" frameborder=\"0\" allowTransparency=\"true\"><\/iframe>\n<\/p>\n<p style=\"text-align: justify;\"><strong>Berta Hormaz\u00e1bal Tapia<\/strong>, se\u00f1alo a los presentes que esta entrega forma parte de la Reforma Educacional que la Presidenta Michelle Bachelet ofreci\u00f3 al pa\u00eds, donde los computadores son una herramienta que permite mejorar la calidad educativa, conect\u00e1ndose al mundo a trav\u00e9s de banda ancha m\u00f3vil por un a\u00f1o, lo que permitir\u00e1 tambi\u00e9n que las familias se integren. Finalmente expres\u00f3 que con este aporte tecnol\u00f3gico lo que se pretende es disminuir la brecha digital entre el alumnado, especialmente entre aquellos de mayor vulnerabilidad, entreg\u00e1ndoles herramientas que complementan el sistema de estudios y ayudan a reducir los costos asociados a la escolaridad y espera que lo utilicen de muy buena manera.<\/p>\n<p style=\"text-align: justify;\">Por su parte el alcalde <strong>Pedro Inostroza Valenzuela<\/strong>, agradeci\u00f3 la ayuda otorgada por el Mineduc indicando que la entrega de estos computadores es muy importante para cada uno de los ni\u00f1os y ni\u00f1as de nuestra comuna que recibieron hoy su PC, ya que por diferentes motivos no tienen la posibilidad de comprar un computador y con esto les damos las herramientas para que tengan las mismas oportunidades que todos los j\u00f3venes.<\/p>\n<p style=\"text-align: justify;\"><strong>[su_button url=\u00bbhttps:\/\/www.facebook.com\/media\/set\/?set=a.1314857068529329.1073742838.159561284058919&amp;type=1&amp;l=0eec4ded63&#8243; target=\u00bbblank\u00bb size=\u00bb7&#8243; radius=\u00bbround\u00bb icon=\u00bbicon: facebook-square\u00bb]FOTOGRAF\u00cdAS &#8211; 155 Estudiantes de Yungay Recibieron su Computador con el Programa \u201cMe Conecto Para Aprender\u201d[\/su_button]<\/strong><\/p>\n<p>&nbsp;<\/p>\n","protected":false},"excerpt":{"rendered":"<p>Yungay, jueves 02 de junio 2016: En el marco del programa \u201cMe Conecto para Aprender\u201d, la Provincial de Educaci\u00f3n junto a Junaeb hizo entrega de computadores a 155 estudiantes de s\u00e9ptimo b\u00e1sico de las&#46;&#46;&#46;<\/p>\n","protected":false},"author":2,"featured_media":16645,"comment_status":"open","ping_status":"open","sticky":false,"template":"","format":"standard","meta":{"footnotes":""},"categories":[3,1],"tags":[1197,1115,8,6,117],"class_list":["post-16654","post","type-post","status-publish","format-standard","has-post-thumbnail","hentry","category-actualidad","category-noticias","tag-me-conecto-para-aprender","tag-noticias","tag-yungay","tag-yungayino","tag-yungayinocl"],"_links":{"self":[{"href":"https:\/\/www.yungayino.cl\/noticias\/index.php?rest_route=\/wp\/v2\/posts\/16654","targetHints":{"allow":["GET"]}}],"collection":[{"href":"https:\/\/www.yungayino.cl\/noticias\/index.php?rest_route=\/wp\/v2\/posts"}],"about":[{"href":"https:\/\/www.yungayino.cl\/noticias\/index.php?rest_route=\/wp\/v2\/types\/post"}],"author":[{"embeddable":true,"href":"https:\/\/www.yungayino.cl\/noticias\/index.php?rest_route=\/wp\/v2\/users\/2"}],"replies":[{"embeddable":true,"href":"https:\/\/www.yungayino.cl\/noticias\/index.php?rest_route=%2Fwp%2Fv2%2Fcomments&post=16654"}],"version-history":[{"count":3,"href":"https:\/\/www.yungayino.cl\/noticias\/index.php?rest_route=\/wp\/v2\/posts\/16654\/revisions"}],"predecessor-version":[{"id":16657,"href":"https:\/\/www.yungayino.cl\/noticias\/index.php?rest_route=\/wp\/v2\/posts\/16654\/revisions\/16657"}],"wp:featuredmedia":[{"embeddable":true,"href":"https:\/\/www.yungayino.cl\/noticias\/index.php?rest_route=\/wp\/v2\/media\/16645"}],"wp:attachment":[{"href":"https:\/\/www.yungayino.cl\/noticias\/index.php?rest_route=%2Fwp%2Fv2%2Fmedia&parent=16654"}],"wp:term":[{"taxonomy":"category","embeddable":true,"href":"https:\/\/www.yungayino.cl\/noticias\/index.php?rest_route=%2Fwp%2Fv2%2Fcategories&post=16654"},{"taxonomy":"post_tag","embeddable":true,"href":"https:\/\/www.yungayino.cl\/noticias\/index.php?rest_route=%2Fwp%2Fv2%2Ftags&post=16654"}],"curies":[{"name":"wp","href":"https:\/\/api.w.org\/{rel}","templated":true}]}}