{"id":16659,"date":"2016-06-10T10:00:19","date_gmt":"2016-06-10T13:00:19","guid":{"rendered":"http:\/\/www.yungayino.cl\/noticias\/?p=16659"},"modified":"2016-06-10T17:03:45","modified_gmt":"2016-06-10T20:03:45","slug":"en-yungay-se-realizo-taller-de-construccion-del-plan-de-desarrollo-turistico","status":"publish","type":"post","link":"https:\/\/www.yungayino.cl\/noticias\/?p=16659","title":{"rendered":"En Yungay  se Realiz\u00f3 Taller de Construcci\u00f3n del \u201cPlan de Desarrollo Tur\u00edstico\u201d"},"content":{"rendered":"<p><img loading=\"lazy\" decoding=\"async\" class=\"alignnone size-full wp-image-16661\" src=\"http:\/\/www.yungayino.cl\/noticias\/wp-content\/uploads\/2016\/06\/pladetur_20160608.jpg\" alt=\"pladetur_20160608\" width=\"700\" height=\"350\" srcset=\"https:\/\/www.yungayino.cl\/noticias\/wp-content\/uploads\/2016\/06\/pladetur_20160608.jpg 700w, https:\/\/www.yungayino.cl\/noticias\/wp-content\/uploads\/2016\/06\/pladetur_20160608-300x150.jpg 300w\" sizes=\"auto, (max-width: 700px) 100vw, 700px\" \/><\/p>\n<p style=\"text-align: justify;\">Yungay, viernes 10 de junio 2016: En el Auditorio de la Biblioteca P\u00fablica se llev\u00f3 a cabo el Taller para la construcci\u00f3n del \u201cPlan para el Desarrollo del Turismo en la Comuna de Yungay 2016 \u2013 2026\u201d, organizado por la Municipalidad de Yungay, en colaboraci\u00f3n con la Universidad de Concepci\u00f3n y el Servicio Nacional del Turismo.<\/p>\n<p style=\"text-align: justify;\">El taller se inici\u00f3 a las 10:30 horas con la participaci\u00f3n de habitantes provenientes de distintos lugares de nuestra comuna con el objetivo de avanzar en la construcci\u00f3n del Plan de Turismo para la comuna de Yungay, y en particular validar la Visi\u00f3n y Misi\u00f3n por parte de los habitantes de la comuna, junto con realizar un an\u00e1lisis de las fortalezas, oportunidades, debilidades y amenazas (FODA) que permitan guiar un plan de acci\u00f3n para el desarrollo del turismo en la comuna.<\/p>\n<p style=\"text-align: justify;\"><iframe loading=\"lazy\" src=\"https:\/\/www.facebook.com\/plugins\/post.php?href=https:\/\/www.facebook.com\/media\/set\/?set=a.1320617154619987.1073742839.159561284058919&#038;type=1&#038;l=278cb2c7b7&#038;l=a77e327dc6&#038;l=f5951f1994&#038;l=bfecbb8adf&#038;l=687b6bf5da&#038;width=500&#038;show_text=true&#038;height=691&#038;appId\" width=\"500\" height=\"691\" style=\"border:none;overflow:hidden\" scrolling=\"no\" frameborder=\"0\" allowTransparency=\"true\"><\/iframe>\n<\/p>\n<p style=\"text-align: justify;\"><strong>Mariela N\u00fa\u00f1ez<\/strong>, Acad\u00e9mica de la Facultad de Ciencias Forestales de la Universidad de Concepci\u00f3n fue la encargada de realizar el taller al igual que en las versiones anteriores, qui\u00e9n se\u00f1alo al Equipo del Portal Yungayino.cl sentirse muy contenta con la participaci\u00f3n de la ciudadan\u00eda en esta nueva etapa, donde se pudo recopilar informaci\u00f3n sobre las fortalezas, las amenazas, las debilidades y las oportunidades durante la jornada realizada con la participaci\u00f3n de actores locales provenientes de distintas localidades de Yungay, como Campanario, San Antonio, Ranchillo Alto, lo que permite ayudar a construir y avanzar en el Plan de Acci\u00f3n Participativo de Yungay.<\/p>\n<p style=\"text-align: justify;\">Finalmente Mariela N\u00fa\u00f1ez se\u00f1alo que ya con todos los talleres realizados han recopilados todos los antecedentes de los atractivos naturales, culturales, servicio de alojamiento, gastron\u00f3micos y organizaciones sociales de la comunal que les permitir\u00e1 realizar un \u201cPlan de Acci\u00f3n\u201d el cual se mostrara en el \u00faltimo taller, d\u00f3nde destaco que est\u00e1n todos los habitantes de la comuna invitados a participar y ver el trabajo realizado durante todos los talleres adem\u00e1s para que se involucren, ya que son todos los habitantes de Yungay los que tienen que ejecutar este Plan de Acci\u00f3n, el cual es apoyado como pol\u00edtica p\u00fablica por el Municipio, pero son los habitantes los que se tienen que empoderar.<\/p>\n<p style=\"text-align: justify;\">[su_button url=\u00bbhttps:\/\/www.facebook.com\/media\/set\/?set=a.1320617154619987.1073742839.159561284058919&amp;type=1&amp;l=278cb2c7b7&#8243; target=\u00bbblank\u00bb size=\u00bb7&#8243; radius=\u00bbround\u00bb icon=\u00bbicon: facebook-square\u00bb]FOTOGRAF\u00cdAS &#8211; En Yungay se Realiz\u00f3 Taller de Construcci\u00f3n del \u201cPlan de Desarrollo Tur\u00edstico\u201d[\/su_button]<\/p>\n","protected":false},"excerpt":{"rendered":"<p>Yungay, viernes 10 de junio 2016: En el Auditorio de la Biblioteca P\u00fablica se llev\u00f3 a cabo el Taller para la construcci\u00f3n del \u201cPlan para el Desarrollo del Turismo en la Comuna de Yungay&#46;&#46;&#46;<\/p>\n","protected":false},"author":2,"featured_media":16661,"comment_status":"open","ping_status":"open","sticky":false,"template":"","format":"standard","meta":{"footnotes":""},"categories":[1,15],"tags":[1115,1356,8,6,117],"class_list":["post-16659","post","type-post","status-publish","format-standard","has-post-thumbnail","hentry","category-noticias","category-turismo","tag-noticias","tag-pladetur","tag-yungay","tag-yungayino","tag-yungayinocl"],"_links":{"self":[{"href":"https:\/\/www.yungayino.cl\/noticias\/index.php?rest_route=\/wp\/v2\/posts\/16659","targetHints":{"allow":["GET"]}}],"collection":[{"href":"https:\/\/www.yungayino.cl\/noticias\/index.php?rest_route=\/wp\/v2\/posts"}],"about":[{"href":"https:\/\/www.yungayino.cl\/noticias\/index.php?rest_route=\/wp\/v2\/types\/post"}],"author":[{"embeddable":true,"href":"https:\/\/www.yungayino.cl\/noticias\/index.php?rest_route=\/wp\/v2\/users\/2"}],"replies":[{"embeddable":true,"href":"https:\/\/www.yungayino.cl\/noticias\/index.php?rest_route=%2Fwp%2Fv2%2Fcomments&post=16659"}],"version-history":[{"count":4,"href":"https:\/\/www.yungayino.cl\/noticias\/index.php?rest_route=\/wp\/v2\/posts\/16659\/revisions"}],"predecessor-version":[{"id":16665,"href":"https:\/\/www.yungayino.cl\/noticias\/index.php?rest_route=\/wp\/v2\/posts\/16659\/revisions\/16665"}],"wp:featuredmedia":[{"embeddable":true,"href":"https:\/\/www.yungayino.cl\/noticias\/index.php?rest_route=\/wp\/v2\/media\/16661"}],"wp:attachment":[{"href":"https:\/\/www.yungayino.cl\/noticias\/index.php?rest_route=%2Fwp%2Fv2%2Fmedia&parent=16659"}],"wp:term":[{"taxonomy":"category","embeddable":true,"href":"https:\/\/www.yungayino.cl\/noticias\/index.php?rest_route=%2Fwp%2Fv2%2Fcategories&post=16659"},{"taxonomy":"post_tag","embeddable":true,"href":"https:\/\/www.yungayino.cl\/noticias\/index.php?rest_route=%2Fwp%2Fv2%2Ftags&post=16659"}],"curies":[{"name":"wp","href":"https:\/\/api.w.org\/{rel}","templated":true}]}}