{"id":16666,"date":"2016-06-10T12:00:53","date_gmt":"2016-06-10T15:00:53","guid":{"rendered":"http:\/\/www.yungayino.cl\/noticias\/?p=16666"},"modified":"2016-06-10T17:16:30","modified_gmt":"2016-06-10T20:16:30","slug":"adolfo-almarza-destacado-rider-nacional-realizo-charla-motivacional-en-liceo-de-yungay","status":"publish","type":"post","link":"https:\/\/www.yungayino.cl\/noticias\/?p=16666","title":{"rendered":"Adolfo Almarza Destacado Rider Nacional Realizo Charla Motivacional en Liceo de Yungay"},"content":{"rendered":"<p style=\"text-align: justify;\"><img loading=\"lazy\" decoding=\"async\" class=\"alignnone size-full wp-image-16660\" src=\"http:\/\/www.yungayino.cl\/noticias\/wp-content\/uploads\/2016\/06\/adolfo_almarza.jpg\" alt=\"adolfo_almarza\" width=\"700\" height=\"350\" srcset=\"https:\/\/www.yungayino.cl\/noticias\/wp-content\/uploads\/2016\/06\/adolfo_almarza.jpg 700w, https:\/\/www.yungayino.cl\/noticias\/wp-content\/uploads\/2016\/06\/adolfo_almarza-300x150.jpg 300w\" sizes=\"auto, (max-width: 700px) 100vw, 700px\" \/><\/p>\n<p style=\"text-align: justify;\">Yungay, viernes 10 de junio 2016: El pasado d\u00eda mi\u00e9rcoles 8 en las dependencias del Liceo Modular de Yungay se reunieron los alumnos del Liceo espec\u00edficamente\u00a0 los cuartos medios para escuchar un relato, una historia cargada de hechos que han marcado la vida de <strong>Adolfo Almarza<\/strong> hoy un rider profesional quien junto a su bicicleta compite a primer nivel.<\/p>\n<p style=\"text-align: justify;\">La Charla Motivacional comenz\u00f3 con Adolfo contando como fueron sus inicios en la escuela, siempre ligados al deporte, principalmente en la pr\u00e1ctica del b\u00e1squetbol, la llegada a un colegio de Melipilla luego le da la posibilidad de participar de competencias sudamericanas, viajando a Brasil, uno de los primeros viajes, una experiencia inolvidable, era uno de los primeros integrantes de su familia en viajar en avi\u00f3n\u2026 recuerda.<\/p>\n<p style=\"text-align: justify;\"><iframe loading=\"lazy\" style=\"border: none; overflow: hidden;\" src=\"https:\/\/www.facebook.com\/plugins\/post.php?href=https:\/\/www.facebook.com\/media\/set\/?set=a.1320622854619417.1073742840.159561284058919&amp;type=1&amp;l=5dbf302f8c&amp;l=a77e327dc6&amp;l=f5951f1994&amp;l=bfecbb8adf&amp;l=687b6bf5da&amp;width=500&amp;show_text=true&amp;height=691&amp;appId\" width=\"500\" height=\"691\" frameborder=\"0\" scrolling=\"no\"><\/iframe><\/p>\n<p style=\"text-align: justify;\">En esos primeros viajes eran solo derrotas, jug\u00e1bamos sin confianza perdiendo todos los partidos, eran fracaso tras fracaso, pero fuimos mejorando de a poco\u2026 \u201c<strong>nos aumentaron las horas de entrenamiento para entregar lo mejor de nosotros mismos, tambi\u00e9n junto a un psic\u00f3logo deportivo. Fue as\u00ed como empezamos a ganar campeonatos comunales, regionales y cada vez \u00edbamos creciendo en forma deportiva, para m\u00ed era una felicidad plena y para todo el equipo. Entren\u00e1bamos tan duro que nos ganamos otra vez una posibilidad de viajar fuera del pa\u00eds para entregar lo mejor de lo nuestro\u2026 con personalidad<\/strong>\u201d.<\/p>\n<p style=\"text-align: justify;\">Agrega detalles de ese viaje a competir a la Argentina, era el a\u00f1o 2000, \u201call\u00ed incluso nos volvimos a enfrentar a aquellos equipos que en Brasil nos hab\u00edan ganado y pens\u00e1bamos que era como un sue\u00f1o, todo funcionaba mejor de lo que esper\u00e1bamos\u2026\u201d, en ese campeonato trasandino llegaron a la final y tuvieron los mejores elogios, se volv\u00edan al pa\u00eds lleno de medallas y trofeo, \u201c<strong>solo quer\u00edamos llegar luego a Chile para contarles a nuestras familias lo bien que hab\u00edamos estado, lamentablemente, en el viaje de regreso sufrimos un accidente, se qued\u00f3 dormido el conductor, provocando un gran accidente y perdimos a tres de nuestros compa\u00f1eros, tres futuros deportistas y quedamos muchos heridos, yo uno de los m\u00e1s graves\u2026<\/strong>\u201d.<\/p>\n<p style=\"text-align: justify;\">Darme cuenta que hab\u00eda quedado sin piernas, \u201cporque me hab\u00eda pasado eso\u2026 con 12 a\u00f1os me quer\u00eda morir, siendo un ni\u00f1o, ve\u00eda televisi\u00f3n cuando los ni\u00f1os se ca\u00edan se paraban, segu\u00edan jugando\u2026 y hace solo unos d\u00edas recordaba que hab\u00eda sido uno de los mejores (campeonato en Argentina), eso me daba pena, con 12 a\u00f1os aprend\u00ed a vivir con dolor\u201d.<\/p>\n<p style=\"text-align: justify;\">Los ni\u00f1os para Navidad pensaban en juguetes y yo solo quer\u00eda mis piernas, pero no lo pod\u00eda hacer, aqu\u00ed cuenta que se produce un cambio, una persona se acerca y sin bajar su mirada, conversa de frente y me dice \u201cAdolfo quiero que seas el mismo de antes y a\u00fan mejor\u201d\u2026 una persona adulta que tambi\u00e9n le faltaban sus piernas \u201c<strong>desde esa visita decid\u00ed cambiar mi switch, decid\u00ed cambiar mi vida, decid\u00ed luchar por la felicidad<\/strong>\u201d se\u00f1al\u00f3.<\/p>\n<p style=\"text-align: justify;\">Con apoyo de algunos videos que mostraron momentos dif\u00edciles de su vida, como el grave accidente en Argentina del a\u00f1o 2000 y otras ca\u00eddas posteriores con serias lesiones, junto a ello competencia y saltos que ha logrado con perseverancia y esfuerzo, donde participa a nivel profesional y est\u00e1 pronto a competir en un torneo internacional de saltos.<\/p>\n<p style=\"text-align: justify;\">Hoy con 27 a\u00f1os, cuenta su historia de rehabilitaci\u00f3n, la que en sus inicios los m\u00e9dicos indicaban que solo para las pr\u00f3tesis, ser\u00edan cerca de un a\u00f1o el plazo para ver peque\u00f1os resultados \u201c12 meses era mucho tiempo, me daba cuenta que con dos horas diaria no avanzaba mucho, pero los ejercicios de terapia los continuaba realizando en la casa yo quer\u00eda recuperarme r\u00e1pido fue dif\u00edcil\u201d, transform\u00f3 esos doce meses en solo cuatro, gracias al esfuerzo, \u201c<strong>quer\u00eda seguir viviendo, pero con felicidad<\/strong>\u201d.<\/p>\n<p style=\"text-align: justify;\">\u00bfPor qu\u00e9 la gente anda por la calle contagiando mala onda? pregunt\u00f3 Adolfo a los asistentes, \u201cporque no podemos ir contagiando felicidad\u2026 risas, ser\u00eda lindo\u201d afirm\u00f3.<\/p>\n<p style=\"text-align: justify;\">\u201c<strong>Hoy se echan a morir por problemas peque\u00f1os, econ\u00f3micos o amorosos\u2026 y no disfrutan lo que tienen<\/strong>\u201d.<\/p>\n<p style=\"text-align: justify;\">La bicicleta ha sido un pilar fundamental en lograr la felicidad, desde el momento que me sub\u00ed hubo una conexi\u00f3n \u00fanica, entrenaba con amigos, al principio fue dif\u00edcil subir los cerros era una gran tarea, no llegaba como mis amigos pero con esfuerzo pude sentir \u201cque lo pod\u00eda hacer solo\u201d.<\/p>\n<p style=\"text-align: justify;\">Hoy es el \u00fanico piloto del mundo que practica descenso a nivel profesional que le faltan las piernas y es chileno, \u201c<strong>Conf\u00f3rmate con lo que tienes, pero lucha por lo que quieres\u2026<\/strong>\u201d, si todos ocup\u00e1ramos esa frase y la desarrollamos podemos ser grandes.<\/p>\n<p style=\"text-align: justify;\">\u201c<strong>Muchas veces uno fracasa, pero uno tiene que aprender que el fracaso es una oportunidad\u2026<\/strong>\u201d, con esa frase previo a un video de uno de sus \u00faltimos accidentes en el norte del pa\u00eds, con diversas lesiones, era el a\u00f1o 2013 cuando sufre un grave accidente cuando se preparaba para un torneo internacional.<\/p>\n<p style=\"text-align: justify;\">Cuando ocurren estas cosas se pierden las confianzas, todo lo que se hab\u00eda trabajado para superar este record se perdi\u00f3\u2026 tras la ca\u00edda en un precipicio de 12 metros de altura, se quebr\u00f3 la cadera, 3 meses en silla de rueda y ocho meses de recuperaci\u00f3n, \u201cperd\u00ed nuevamente la confianza de andar en bicicleta\u201d, agrega.<\/p>\n<p style=\"text-align: justify;\">Pero recib\u00ed una invitaci\u00f3n a participar de una exhibici\u00f3n de saltos en Canad\u00e1 y fuimos con unos amigos, aunque a\u00fan la confianza no la hab\u00eda asumido completamente para realizar esos saltos, pero luego de tomar el casco y hacer uno de los primeros saltos\u2026 pude saber que pod\u00eda nuevamente, hacer lo que me gusta.<\/p>\n<p style=\"text-align: justify;\">Agrega que,\u00a0<strong>cada d\u00eda veo a muchas personas que se echan a morir por problemas insignificantes que si tienen soluci\u00f3n, no seas como ellos, se valiente y disfruta lo lindo que es la vida<\/strong>.<\/p>\n<p style=\"text-align: justify;\"><strong>Sergio Villalobos<\/strong>, Director del Liceo Yungay se\u00f1alo al Equipo del Portal Yungayino.cl, que esta actividad se realiz\u00f3 gracias al derecho de que el Liceo est\u00e1 en el Programa PACE el cual es asesorado por la Universidad del Biob\u00edo, por lo tanto gracias a esto se gestion\u00f3 la visita de un destacado deportista nacional e internacional como es <strong>Adolfo Almarza<\/strong>, quien adem\u00e1s tiene una experiencia de vida muy significativa la cual entrega una serie de valores para afrontar los problemas y dificultades que los j\u00f3venes y adultos enfrentan en la vida, por lo tanto esta charla motivacional ser\u00e1 un herramienta fundamental para los alumnos.<\/p>\n<p style=\"text-align: justify;\">Finalmente indicar que los alumnos y profesores tuvieron lo oportunidad de hacer algunas preguntas y que al concluir la charla pudieron fotografiarse junto a Adolfo, donde tambi\u00e9n se regalaron posters firmados del rider pro downhill.<\/p>\n<p><a href=\"http:\/\/www.adolfoalmarza.com\/\">http:\/\/www.adolfoalmarza.com\/<\/a><\/p>\n<p><a href=\"http:\/\/www.decidido.com\/\">http:\/\/www.decidido.com\/<\/a><\/p>\n<p style=\"text-align: justify;\">[su_button url=\u00bbhttps:\/\/www.facebook.com\/media\/set\/?set=a.1320622854619417.1073742840.159561284058919&amp;type=1&amp;l=5dbf302f8c\u00bb target=\u00bbblank\u00bb size=\u00bb7&#8243; radius=\u00bbround\u00bb icon=\u00bbicon: facebook-square\u00bb]FOTOGRAF\u00cdAS &#8211; Adolfo Almarza Destacado Rider Nacional Realizo Charla Motivacional en Liceo de Yungay[\/su_button]<\/p>\n","protected":false},"excerpt":{"rendered":"<p>Yungay, viernes 10 de junio 2016: El pasado d\u00eda mi\u00e9rcoles 8 en las dependencias del Liceo Modular de Yungay se reunieron los alumnos del Liceo espec\u00edficamente\u00a0 los cuartos medios para escuchar un relato, una&#46;&#46;&#46;<\/p>\n","protected":false},"author":2,"featured_media":16660,"comment_status":"open","ping_status":"open","sticky":false,"template":"","format":"standard","meta":{"footnotes":""},"categories":[1],"tags":[1359,1360,89,1115,8,6,117],"class_list":["post-16666","post","type-post","status-publish","format-standard","has-post-thumbnail","hentry","category-noticias","tag-adolfo-almarza","tag-charla-motivacional","tag-liceo-yungay","tag-noticias","tag-yungay","tag-yungayino","tag-yungayinocl"],"_links":{"self":[{"href":"https:\/\/www.yungayino.cl\/noticias\/index.php?rest_route=\/wp\/v2\/posts\/16666","targetHints":{"allow":["GET"]}}],"collection":[{"href":"https:\/\/www.yungayino.cl\/noticias\/index.php?rest_route=\/wp\/v2\/posts"}],"about":[{"href":"https:\/\/www.yungayino.cl\/noticias\/index.php?rest_route=\/wp\/v2\/types\/post"}],"author":[{"embeddable":true,"href":"https:\/\/www.yungayino.cl\/noticias\/index.php?rest_route=\/wp\/v2\/users\/2"}],"replies":[{"embeddable":true,"href":"https:\/\/www.yungayino.cl\/noticias\/index.php?rest_route=%2Fwp%2Fv2%2Fcomments&post=16666"}],"version-history":[{"count":6,"href":"https:\/\/www.yungayino.cl\/noticias\/index.php?rest_route=\/wp\/v2\/posts\/16666\/revisions"}],"predecessor-version":[{"id":16672,"href":"https:\/\/www.yungayino.cl\/noticias\/index.php?rest_route=\/wp\/v2\/posts\/16666\/revisions\/16672"}],"wp:featuredmedia":[{"embeddable":true,"href":"https:\/\/www.yungayino.cl\/noticias\/index.php?rest_route=\/wp\/v2\/media\/16660"}],"wp:attachment":[{"href":"https:\/\/www.yungayino.cl\/noticias\/index.php?rest_route=%2Fwp%2Fv2%2Fmedia&parent=16666"}],"wp:term":[{"taxonomy":"category","embeddable":true,"href":"https:\/\/www.yungayino.cl\/noticias\/index.php?rest_route=%2Fwp%2Fv2%2Fcategories&post=16666"},{"taxonomy":"post_tag","embeddable":true,"href":"https:\/\/www.yungayino.cl\/noticias\/index.php?rest_route=%2Fwp%2Fv2%2Ftags&post=16666"}],"curies":[{"name":"wp","href":"https:\/\/api.w.org\/{rel}","templated":true}]}}