{"id":16718,"date":"2016-06-17T12:00:31","date_gmt":"2016-06-17T15:00:31","guid":{"rendered":"http:\/\/www.yungayino.cl\/noticias\/?p=16718"},"modified":"2016-06-17T15:42:59","modified_gmt":"2016-06-17T18:42:59","slug":"biblioteca-de-yungay-invita-a-celebrar-noche-de-san-juan","status":"publish","type":"post","link":"https:\/\/www.yungayino.cl\/noticias\/?p=16718","title":{"rendered":"Biblioteca de Yungay Invita a Celebrar Noche de San Juan"},"content":{"rendered":"<p><img loading=\"lazy\" decoding=\"async\" class=\"alignnone size-full wp-image-16719\" src=\"http:\/\/www.yungayino.cl\/noticias\/wp-content\/uploads\/2016\/06\/noche_san_juan_2016.jpg\" alt=\"noche_san_juan_2016\" width=\"700\" height=\"393\" srcset=\"https:\/\/www.yungayino.cl\/noticias\/wp-content\/uploads\/2016\/06\/noche_san_juan_2016.jpg 700w, https:\/\/www.yungayino.cl\/noticias\/wp-content\/uploads\/2016\/06\/noche_san_juan_2016-300x168.jpg 300w, https:\/\/www.yungayino.cl\/noticias\/wp-content\/uploads\/2016\/06\/noche_san_juan_2016-267x150.jpg 267w\" sizes=\"auto, (max-width: 700px) 100vw, 700px\" \/><\/p>\n<p style=\"text-align: justify;\">Yungay, viernes 17 de junio 2016: la Biblioteca P\u00fablica de nuestra comuna, por medio de la se\u00f1ora Paulina \u00c1vila Pinto, Jefa Biblioteca, invita a toda la comunidad y alrededores a participar de la celebraci\u00f3n de la Noche de San Juan.<\/p>\n<p style=\"text-align: justify;\"><iframe loading=\"lazy\" src=\"https:\/\/www.facebook.com\/plugins\/post.php?href=https:\/\/www.facebook.com\/media\/set\/?set=a.1325535677461468.1073742846.159561284058919&#038;type=1&#038;l=64ae919608&#038;l=a77e327dc6&#038;l=f5951f1994&#038;l=bfecbb8adf&#038;l=687b6bf5da&#038;width=500&#038;show_text=true&#038;height=691&#038;appId\" width=\"500\" height=\"691\" style=\"border:none;overflow:hidden\" scrolling=\"no\" frameborder=\"0\" allowTransparency=\"true\"><\/iframe>\n<\/p>\n<p style=\"text-align: justify;\">Esta actividad se realizar\u00e1 el d\u00eda jueves 23 de junio desde las 19:00 horas. La entrada es liberada, s\u00f3lo deben traer su mate. En esta oportunidad se contar\u00e1 con la presentaci\u00f3n de los grupos yungayinos Los Halcones Negros y Mapuketr\u00e1n.<\/p>\n<p style=\"text-align: justify;\">En la noche de San juan se unen magia y tradici\u00f3n. Las hogueras se encienden durante la madrugada y ante el fuego se pueden hacer todo tipo de hechizos, pedir deseos y ahuyentar los malos esp\u00edritus.<\/p>\n<p style=\"text-align: justify;\">Una velada\u00a0especialmente m\u00e1gica,\u00a0los deseos\u00a0e incluso el miedo a las sombras de los antepasados, se unen a la tradici\u00f3n y a la alegr\u00eda de\u00a0una\u00a0fiesta que\u00a0simboliza el culto al sol, a trav\u00e9s de numerosos rituales.<\/p>\n<p style=\"text-align: justify;\">Se trata de una fecha de origen pagano, aunque luego\u00a0se cristianiz\u00f3 en honor a San Juan el Bautista.<\/p>\n<p style=\"text-align: justify;\">\n<p style=\"text-align: justify;\">[su_button url=\u00bbhttps:\/\/www.facebook.com\/media\/set\/?set=a.1325535677461468.1073742846.159561284058919&amp;type=1&amp;l=64ae919608&#8243; target=\u00bbblank\u00bb size=\u00bb7&#8243; radius=\u00bbround\u00bb icon=\u00bbicon: facebook-square\u00bb]FOTOGRAF\u00cdAS &#8211; Biblioteca de Yungay Invita a Celebrar Noche de San Juan[\/su_button]<\/p>\n","protected":false},"excerpt":{"rendered":"<p>Yungay, viernes 17 de junio 2016: la Biblioteca P\u00fablica de nuestra comuna, por medio de la se\u00f1ora Paulina \u00c1vila Pinto, Jefa Biblioteca, invita a toda la comunidad y alrededores a participar de la celebraci\u00f3n&#46;&#46;&#46;<\/p>\n","protected":false},"author":2,"featured_media":16719,"comment_status":"open","ping_status":"open","sticky":false,"template":"","format":"standard","meta":{"footnotes":""},"categories":[5,1],"tags":[453,310,624,1364,1115,8,6,117],"class_list":["post-16718","post","type-post","status-publish","format-standard","has-post-thumbnail","hentry","category-eventos","category-noticias","tag-biblioteca-yungay","tag-los-halcones-negros","tag-mapuketran","tag-noche-san-juan","tag-noticias","tag-yungay","tag-yungayino","tag-yungayinocl"],"_links":{"self":[{"href":"https:\/\/www.yungayino.cl\/noticias\/index.php?rest_route=\/wp\/v2\/posts\/16718","targetHints":{"allow":["GET"]}}],"collection":[{"href":"https:\/\/www.yungayino.cl\/noticias\/index.php?rest_route=\/wp\/v2\/posts"}],"about":[{"href":"https:\/\/www.yungayino.cl\/noticias\/index.php?rest_route=\/wp\/v2\/types\/post"}],"author":[{"embeddable":true,"href":"https:\/\/www.yungayino.cl\/noticias\/index.php?rest_route=\/wp\/v2\/users\/2"}],"replies":[{"embeddable":true,"href":"https:\/\/www.yungayino.cl\/noticias\/index.php?rest_route=%2Fwp%2Fv2%2Fcomments&post=16718"}],"version-history":[{"count":3,"href":"https:\/\/www.yungayino.cl\/noticias\/index.php?rest_route=\/wp\/v2\/posts\/16718\/revisions"}],"predecessor-version":[{"id":16722,"href":"https:\/\/www.yungayino.cl\/noticias\/index.php?rest_route=\/wp\/v2\/posts\/16718\/revisions\/16722"}],"wp:featuredmedia":[{"embeddable":true,"href":"https:\/\/www.yungayino.cl\/noticias\/index.php?rest_route=\/wp\/v2\/media\/16719"}],"wp:attachment":[{"href":"https:\/\/www.yungayino.cl\/noticias\/index.php?rest_route=%2Fwp%2Fv2%2Fmedia&parent=16718"}],"wp:term":[{"taxonomy":"category","embeddable":true,"href":"https:\/\/www.yungayino.cl\/noticias\/index.php?rest_route=%2Fwp%2Fv2%2Fcategories&post=16718"},{"taxonomy":"post_tag","embeddable":true,"href":"https:\/\/www.yungayino.cl\/noticias\/index.php?rest_route=%2Fwp%2Fv2%2Ftags&post=16718"}],"curies":[{"name":"wp","href":"https:\/\/api.w.org\/{rel}","templated":true}]}}