{"id":16734,"date":"2016-06-19T19:00:15","date_gmt":"2016-06-19T22:00:15","guid":{"rendered":"http:\/\/www.yungayino.cl\/noticias\/?p=16734"},"modified":"2016-06-19T23:53:42","modified_gmt":"2016-06-20T02:53:42","slug":"gendarmeria-rindio-homenaje-a-personal-fallecido-en-accidente-en-ruta-yungay-huepil","status":"publish","type":"post","link":"https:\/\/www.yungayino.cl\/noticias\/?p=16734","title":{"rendered":"Gendarmer\u00eda Rindi\u00f3 Homenaje a Personal Fallecido en Accidente en Ruta Yungay-Huepil"},"content":{"rendered":"<p><img loading=\"lazy\" decoding=\"async\" class=\"alignnone size-full wp-image-16735\" src=\"http:\/\/www.yungayino.cl\/noticias\/wp-content\/uploads\/2016\/06\/gendarmeria_homenaje_201606.jpg\" alt=\"gendarmeria_homenaje_201606\" width=\"700\" height=\"350\" srcset=\"https:\/\/www.yungayino.cl\/noticias\/wp-content\/uploads\/2016\/06\/gendarmeria_homenaje_201606.jpg 700w, https:\/\/www.yungayino.cl\/noticias\/wp-content\/uploads\/2016\/06\/gendarmeria_homenaje_201606-300x150.jpg 300w\" sizes=\"auto, (max-width: 700px) 100vw, 700px\" \/><\/p>\n<p style=\"text-align: justify;\">Yungay, domingo 19 de junio 2016: En memoria de Alejandro D\u00edaz y Humberto Becerra el pasado viernes 17 de junio se deposit\u00f3 en la ruta arreglos florales, con la presencia de Gendarmes de Yungay, Los \u00c1ngeles, Mulch\u00e9n y otras autoridades de la instituci\u00f3n.<\/p>\n<p style=\"text-align: justify;\"><iframe loading=\"lazy\" src=\"https:\/\/www.facebook.com\/plugins\/post.php?href=https:\/\/www.facebook.com\/media\/set\/?set=a.1327241700624199.1073742848.159561284058919&#038;type=1&#038;l=b27642daf1&#038;l=a77e327dc6&#038;l=f5951f1994&#038;l=bfecbb8adf&#038;l=687b6bf5da&#038;width=500&#038;show_text=true&#038;height=691&#038;appId\" width=\"500\" height=\"691\" style=\"border:none;overflow:hidden\" scrolling=\"no\" frameborder=\"0\" allowTransparency=\"true\"><\/iframe><\/p>\n<p style=\"text-align: justify;\">A los pies de una animita que yace en la ruta Yungay &#8211; Huep\u00edl fueron homenajeados los funcionarios Alejandro D\u00edaz Constela y Humberto Becerra Z\u00fa\u00f1iga, ambos con dotaci\u00f3n en la unidad penal de la capital provincial del B\u00edo B\u00edo y fallecidos en el contexto de un violento accidente de tr\u00e1nsito registrado hace 8 a\u00f1os cuando retornaban de una tarde deportiva en Yungay.<\/p>\n<p style=\"text-align: justify;\">La comitiva estuvo liderada por el Jefe Subrogante de C.D.P Yungay, Suboficial Mayor Sr. Marcelo Sandoval L\u00f3pez y el Pastor de la Iglesia Pentecostal, Bernardo Leal y Capell\u00e1n del C.D.P. de Yungay, qui\u00e9n fue el encargado de realizar las palabras de homenaje, para que luego las diferente instituciones presentes depositaran junto a la animita un arreglo floral recordando la memoria de los funcionarios.<\/p>\n<p style=\"text-align: justify;\">[su_button url=\u00bbhttps:\/\/www.facebook.com\/media\/set\/?set=a.1327241700624199.1073742848.159561284058919&amp;type=1&amp;l=b27642daf1&#8243; target=\u00bbblank\u00bb size=\u00bb7&#8243; radius=\u00bbround\u00bb icon=\u00bbicon: facebook-square\u00bb]FOTOGRAF\u00cdAS &#8211; Gendarmer\u00eda Rindi\u00f3 Homenaje a Personal Fallecido en Accidente en Ruta Yungay-Huepil[\/su_button]<\/p>\n","protected":false},"excerpt":{"rendered":"<p>Yungay, domingo 19 de junio 2016: En memoria de Alejandro D\u00edaz y Humberto Becerra el pasado viernes 17 de junio se deposit\u00f3 en la ruta arreglos florales, con la presencia de Gendarmes de Yungay,&#46;&#46;&#46;<\/p>\n","protected":false},"author":2,"featured_media":16735,"comment_status":"open","ping_status":"open","sticky":false,"template":"","format":"standard","meta":{"footnotes":""},"categories":[1],"tags":[361,1115,8,6,117],"class_list":["post-16734","post","type-post","status-publish","format-standard","has-post-thumbnail","hentry","category-noticias","tag-gendarmeria","tag-noticias","tag-yungay","tag-yungayino","tag-yungayinocl"],"_links":{"self":[{"href":"https:\/\/www.yungayino.cl\/noticias\/index.php?rest_route=\/wp\/v2\/posts\/16734","targetHints":{"allow":["GET"]}}],"collection":[{"href":"https:\/\/www.yungayino.cl\/noticias\/index.php?rest_route=\/wp\/v2\/posts"}],"about":[{"href":"https:\/\/www.yungayino.cl\/noticias\/index.php?rest_route=\/wp\/v2\/types\/post"}],"author":[{"embeddable":true,"href":"https:\/\/www.yungayino.cl\/noticias\/index.php?rest_route=\/wp\/v2\/users\/2"}],"replies":[{"embeddable":true,"href":"https:\/\/www.yungayino.cl\/noticias\/index.php?rest_route=%2Fwp%2Fv2%2Fcomments&post=16734"}],"version-history":[{"count":4,"href":"https:\/\/www.yungayino.cl\/noticias\/index.php?rest_route=\/wp\/v2\/posts\/16734\/revisions"}],"predecessor-version":[{"id":16739,"href":"https:\/\/www.yungayino.cl\/noticias\/index.php?rest_route=\/wp\/v2\/posts\/16734\/revisions\/16739"}],"wp:featuredmedia":[{"embeddable":true,"href":"https:\/\/www.yungayino.cl\/noticias\/index.php?rest_route=\/wp\/v2\/media\/16735"}],"wp:attachment":[{"href":"https:\/\/www.yungayino.cl\/noticias\/index.php?rest_route=%2Fwp%2Fv2%2Fmedia&parent=16734"}],"wp:term":[{"taxonomy":"category","embeddable":true,"href":"https:\/\/www.yungayino.cl\/noticias\/index.php?rest_route=%2Fwp%2Fv2%2Fcategories&post=16734"},{"taxonomy":"post_tag","embeddable":true,"href":"https:\/\/www.yungayino.cl\/noticias\/index.php?rest_route=%2Fwp%2Fv2%2Ftags&post=16734"}],"curies":[{"name":"wp","href":"https:\/\/api.w.org\/{rel}","templated":true}]}}