{"id":16754,"date":"2016-06-21T12:00:52","date_gmt":"2016-06-21T15:00:52","guid":{"rendered":"http:\/\/www.yungayino.cl\/noticias\/?p=16754"},"modified":"2016-06-21T15:16:41","modified_gmt":"2016-06-21T18:16:41","slug":"artesano-yungayino-chano-anabalon-entrega-obra-en-cierre-de-proyecto-fondart-regional-2016-denominado-tallando-legado","status":"publish","type":"post","link":"https:\/\/www.yungayino.cl\/noticias\/?p=16754","title":{"rendered":"Artesano Yungayino \u201cChano Anabal\u00f3n\u201d Entrega Obra, en Cierre de Proyecto Fondart Regional 2016, Denominado \u201cTallando Legado\u201d"},"content":{"rendered":"<p><img loading=\"lazy\" decoding=\"async\" class=\"alignnone size-full wp-image-16755\" src=\"http:\/\/www.yungayino.cl\/noticias\/wp-content\/uploads\/2016\/06\/chano_anabalon_2016.jpg\" alt=\"chano_anabalon_2016\" width=\"700\" height=\"350\" srcset=\"https:\/\/www.yungayino.cl\/noticias\/wp-content\/uploads\/2016\/06\/chano_anabalon_2016.jpg 700w, https:\/\/www.yungayino.cl\/noticias\/wp-content\/uploads\/2016\/06\/chano_anabalon_2016-300x150.jpg 300w\" sizes=\"auto, (max-width: 700px) 100vw, 700px\" \/><\/p>\n<p style=\"text-align: justify;\">Yungay, martes 21 de junio 2016: En las dependencias de la Biblioteca Municipal se llev\u00f3 a cabo la finalizaci\u00f3n del Proyecto Fondart Regional 2016, denominado <strong>\u201cTallando Legado\u201d<\/strong>, donde el destacado tallador de la comuna de Yungay, Juan Anabalon Amestica m\u00e1s conocido como \u201cChano Anabal\u00f3n\u201d dejo como legado para siempre su obra de tallado en madera denominada \u201cCarretero y su yunta de bueyes\u201d, obra que pudo realizar gracias a la adjudicaci\u00f3n de un Proyecto Fondart Regional.<\/p>\n<p style=\"text-align: justify;\"><iframe loading=\"lazy\" src=\"https:\/\/www.facebook.com\/plugins\/post.php?href=https:\/\/www.facebook.com\/media\/set\/?set=a.1328394803842222.1073742851.159561284058919&#038;type=1&#038;l=118ffd7312&#038;l=a77e327dc6&#038;l=f5951f1994&#038;l=bfecbb8adf&#038;l=687b6bf5da&#038;width=500&#038;show_text=true&#038;height=691&#038;appId\" width=\"500\" height=\"691\" style=\"border:none;overflow:hidden\" scrolling=\"no\" frameborder=\"0\" allowTransparency=\"true\"><\/iframe>\n<\/p>\n<p style=\"text-align: justify;\">La ceremonia fue liderada por el alcalde Pedro Inostroza Valenzuela, concejales, autoridades, representantes del Consejo Nacional de la Cultura y las Artes, Regi\u00f3n del Biob\u00edo, familiares e invitados especiales.<\/p>\n<p style=\"text-align: justify;\">Destacar que \u201cChano Anabal\u00f3n\u201d tambi\u00e9n cantor popular es famoso en el pa\u00eds por presentar sus carretas de bueyes de gran dimensi\u00f3n en ferias artesanales a lo largo de Chile y ha representado a Yungay en reiteradas ocasiones en la Muestra Internacional de Artesan\u00eda que organiza la Pontificia Universidad Cat\u00f3lica de Chile cada a\u00f1o en Santiago.<\/p>\n<p style=\"text-align: justify;\">Juan Anabalon Amestica m\u00e1s conocido como \u201cChano Anabal\u00f3n\u201d se\u00f1alo a los presentes su alegr\u00eda y agradeci\u00f3 al Consejo Nacional de la Cultura y las Artes por haberlo apoyado en este proyecto, que para \u00e9l era un sue\u00f1o dejar una obra de esta envergadura para Yungay, y as\u00ed en el futuro todas las generaciones tanto de su familia como la comunidad conociera el trabajo que ha realizado durante toda su vida con pasi\u00f3n como es el tallado en madera. Finalmente se\u00f1alo que esta obra que estar\u00e1 para siempre en la Biblioteca solo le falta realizar la etapa de cierre con una cubierta de vidrio e iluminaci\u00f3n.<\/p>\n<p style=\"text-align: justify;\">El alcalde Pedro Inostroza Valenzuela felicito a este gran artesano que tiene Yungay y que siempre ha dejado bien puesto el nombre de nuestra comuna en cada feria o actividad que participa y destaco el gran aporte que realizar\u00e1 para Yungay con esta hermosa obra, que sin duda le dar\u00e1 un nuevo valor tur\u00edstico a Yungay.<\/p>\n<p style=\"text-align: justify;\">Finalmente<strong> Cecilia Guevara Mendoza, <\/strong>Representante del Consejo Nacional de la Cultura y las Artes, Regi\u00f3n del Biob\u00edo, agradeci\u00f3 como instituci\u00f3n el trabajo realizado por el artesano \u201cChano Anabal\u00f3n\u201d, es por eso que se apoy\u00f3 en este Proyecto Fondart 2016 para reconocer el magn\u00edfico trabajo que realiza en tallado de madera y felicito tambi\u00e9n el apoyo que ha tenido tanto de su hermosa familia como de cada uno de los que lo apoyaron en este gran proyecto art\u00edstico y cultural denominado \u201cTallando Legado\u201d.<\/p>\n<p style=\"text-align: justify;\"><strong>[su_button url=\u00bbhttps:\/\/www.facebook.com\/media\/set\/?set=a.1328394803842222.1073742851.159561284058919&amp;type=1&amp;l=118ffd7312&#8243; target=\u00bbblank\u00bb size=\u00bb7&#8243; radius=\u00bbround\u00bb icon=\u00bbicon: facebook-square\u00bb]FOTOGRAF\u00cdAS &#8211; Artesano Yungayino \u201cChano Anabal\u00f3n\u201d Entrega Obra, en Cierre de Proyecto Fondart Regional 2016, Denominado \u201cTallando Legado\u201d[\/su_button]<\/strong><\/p>\n","protected":false},"excerpt":{"rendered":"<p>Yungay, martes 21 de junio 2016: En las dependencias de la Biblioteca Municipal se llev\u00f3 a cabo la finalizaci\u00f3n del Proyecto Fondart Regional 2016, denominado \u201cTallando Legado\u201d, donde el destacado tallador de la comuna&#46;&#46;&#46;<\/p>\n","protected":false},"author":2,"featured_media":16755,"comment_status":"open","ping_status":"open","sticky":false,"template":"","format":"standard","meta":{"footnotes":""},"categories":[3,5,14,1,15],"tags":[1367,412,1368,1115,8,6,117],"class_list":["post-16754","post","type-post","status-publish","format-standard","has-post-thumbnail","hentry","category-actualidad","category-eventos","category-historia","category-noticias","category-turismo","tag-artesano","tag-chano-anabalon","tag-juan-anabalon-amestica","tag-noticias","tag-yungay","tag-yungayino","tag-yungayinocl"],"_links":{"self":[{"href":"https:\/\/www.yungayino.cl\/noticias\/index.php?rest_route=\/wp\/v2\/posts\/16754","targetHints":{"allow":["GET"]}}],"collection":[{"href":"https:\/\/www.yungayino.cl\/noticias\/index.php?rest_route=\/wp\/v2\/posts"}],"about":[{"href":"https:\/\/www.yungayino.cl\/noticias\/index.php?rest_route=\/wp\/v2\/types\/post"}],"author":[{"embeddable":true,"href":"https:\/\/www.yungayino.cl\/noticias\/index.php?rest_route=\/wp\/v2\/users\/2"}],"replies":[{"embeddable":true,"href":"https:\/\/www.yungayino.cl\/noticias\/index.php?rest_route=%2Fwp%2Fv2%2Fcomments&post=16754"}],"version-history":[{"count":4,"href":"https:\/\/www.yungayino.cl\/noticias\/index.php?rest_route=\/wp\/v2\/posts\/16754\/revisions"}],"predecessor-version":[{"id":16759,"href":"https:\/\/www.yungayino.cl\/noticias\/index.php?rest_route=\/wp\/v2\/posts\/16754\/revisions\/16759"}],"wp:featuredmedia":[{"embeddable":true,"href":"https:\/\/www.yungayino.cl\/noticias\/index.php?rest_route=\/wp\/v2\/media\/16755"}],"wp:attachment":[{"href":"https:\/\/www.yungayino.cl\/noticias\/index.php?rest_route=%2Fwp%2Fv2%2Fmedia&parent=16754"}],"wp:term":[{"taxonomy":"category","embeddable":true,"href":"https:\/\/www.yungayino.cl\/noticias\/index.php?rest_route=%2Fwp%2Fv2%2Fcategories&post=16754"},{"taxonomy":"post_tag","embeddable":true,"href":"https:\/\/www.yungayino.cl\/noticias\/index.php?rest_route=%2Fwp%2Fv2%2Ftags&post=16754"}],"curies":[{"name":"wp","href":"https:\/\/api.w.org\/{rel}","templated":true}]}}