{"id":16765,"date":"2016-06-25T20:00:49","date_gmt":"2016-06-25T23:00:49","guid":{"rendered":"http:\/\/www.yungayino.cl\/noticias\/?p=16765"},"modified":"2016-06-27T18:43:02","modified_gmt":"2016-06-27T21:43:02","slug":"escuela-rural-pallahualla-de-yungay-celebro-dia-del-padre","status":"publish","type":"post","link":"https:\/\/www.yungayino.cl\/noticias\/?p=16765","title":{"rendered":"Escuela Rural Pallahualla de Yungay Celebro \u201cD\u00eda del Padre\u201d"},"content":{"rendered":"<p style=\"text-align: justify;\"><img loading=\"lazy\" decoding=\"async\" class=\"alignnone size-full wp-image-16766\" src=\"http:\/\/www.yungayino.cl\/noticias\/wp-content\/uploads\/2016\/06\/pallahuala_dia_padre_2016.jpg\" alt=\"pallahuala_dia_padre_2016\" width=\"700\" height=\"350\" srcset=\"https:\/\/www.yungayino.cl\/noticias\/wp-content\/uploads\/2016\/06\/pallahuala_dia_padre_2016.jpg 700w, https:\/\/www.yungayino.cl\/noticias\/wp-content\/uploads\/2016\/06\/pallahuala_dia_padre_2016-300x150.jpg 300w\" sizes=\"auto, (max-width: 700px) 100vw, 700px\" \/><\/p>\n<p style=\"text-align: justify;\">Yungay, s\u00e1bado 25 de junio 2016: La comunidad escolar de la Escuela Rural de Pallahualla, ubicada camino al Fundo Bastidas a 10 Km de la comuna de Yungay, realiz\u00f3 un emotivo y muy hermoso acto con motivo del \u201cD\u00eda del Padre\u201d, el pasado marte 21 de junio.<\/p>\n<p style=\"text-align: justify;\"><iframe loading=\"lazy\" src=\"https:\/\/www.facebook.com\/plugins\/post.php?href=https:\/\/www.facebook.com\/media\/set\/?set=a.1332892886725747.1073742853.159561284058919&#038;type=1&#038;l=a3cc0cfc11&#038;l=a77e327dc6&#038;l=f5951f1994&#038;l=bfecbb8adf&#038;l=687b6bf5da&#038;width=500&#038;show_text=true&#038;height=691&#038;appId\" width=\"500\" height=\"691\" style=\"border:none;overflow:hidden\" scrolling=\"no\" frameborder=\"0\" allowTransparency=\"true\"><\/iframe><\/p>\n<p style=\"text-align: justify;\">Destacar el esfuerzo y adem\u00e1s la activa participaci\u00f3n de los cinco alumnos que componen esta unidad educativa rural b\u00e1sica de nuestra comuna, la cual es dirigida por la profesora, Lilian Zapata Silva, qui\u00e9n lider\u00f3 la realizaci\u00f3n de este emotivo y hermoso acto ejecutado por estos ni\u00f1os(a).<\/p>\n<p style=\"text-align: justify;\">La actividad comenz\u00f3 con la invitaci\u00f3n por parte del alumno Wilson Roa a los pap\u00e1s e invitados a cantar el Himno Nacional, para luego continuar con las hermosas presentaciones art\u00edsticas que incluy\u00f3 un variado cuadro de bailes, cuentos, poes\u00edas y poemas interpretados por los cinco alumnos.<\/p>\n<p style=\"text-align: justify;\">Se\u00f1alar que estuvieron presentes en esta hermosa jornada padres, apoderados, familiares y como invitado especial y tambi\u00e9n pap\u00e1 Claudio Urrutia, miembro del Equipo del Portal Yungayino.cl.<\/p>\n<p style=\"text-align: justify;\">Lilian Zapata Silva, se\u00f1alo al Equipo del Portal Yungayino.cl estar muy contenta por el respaldo de sus apoderados que son tan importante cuando uno quiere realizar estas actividades, tambi\u00e9n destaco la participaci\u00f3n de sus cinco alumnos, quienes siempre se est\u00e1n esforzando para obtener grandes logros y seguir creciendo en el futuro y finalmente agradeci\u00f3 el apoyo que siempre le ha prestado el Equipo del Portal Yungayino.cl en la difusi\u00f3n de las actividades de su escuela.<\/p>\n<p style=\"text-align: justify;\">Finalmente todos los presentes compartieron un coctel especialmente preparado para la ocasi\u00f3n por los apoderados.<\/p>\n<p style=\"text-align: justify;\">[su_button url=\u00bbhttps:\/\/www.facebook.com\/media\/set\/?set=a.1332892886725747.1073742853.159561284058919&amp;type=1&amp;l=a3cc0cfc11&#8243; target=\u00bbblank\u00bb size=\u00bb7&#8243; radius=\u00bbround\u00bb icon=\u00bbicon: facebook-square\u00bb]FOTOGRAF\u00cdAS &#8211; Escuela Rural Pallahualla de Yungay Celebro \u201cD\u00eda del Padre\u201d[\/su_button]<\/p>\n","protected":false},"excerpt":{"rendered":"<p>Yungay, s\u00e1bado 25 de junio 2016: La comunidad escolar de la Escuela Rural de Pallahualla, ubicada camino al Fundo Bastidas a 10 Km de la comuna de Yungay, realiz\u00f3 un emotivo y muy hermoso&#46;&#46;&#46;<\/p>\n","protected":false},"author":2,"featured_media":16766,"comment_status":"open","ping_status":"open","sticky":false,"template":"","format":"standard","meta":{"footnotes":""},"categories":[1],"tags":[1370,1115,568,8,6,117],"class_list":["post-16765","post","type-post","status-publish","format-standard","has-post-thumbnail","hentry","category-noticias","tag-dia-del-padre","tag-noticias","tag-pallahuala","tag-yungay","tag-yungayino","tag-yungayinocl"],"_links":{"self":[{"href":"https:\/\/www.yungayino.cl\/noticias\/index.php?rest_route=\/wp\/v2\/posts\/16765","targetHints":{"allow":["GET"]}}],"collection":[{"href":"https:\/\/www.yungayino.cl\/noticias\/index.php?rest_route=\/wp\/v2\/posts"}],"about":[{"href":"https:\/\/www.yungayino.cl\/noticias\/index.php?rest_route=\/wp\/v2\/types\/post"}],"author":[{"embeddable":true,"href":"https:\/\/www.yungayino.cl\/noticias\/index.php?rest_route=\/wp\/v2\/users\/2"}],"replies":[{"embeddable":true,"href":"https:\/\/www.yungayino.cl\/noticias\/index.php?rest_route=%2Fwp%2Fv2%2Fcomments&post=16765"}],"version-history":[{"count":3,"href":"https:\/\/www.yungayino.cl\/noticias\/index.php?rest_route=\/wp\/v2\/posts\/16765\/revisions"}],"predecessor-version":[{"id":16773,"href":"https:\/\/www.yungayino.cl\/noticias\/index.php?rest_route=\/wp\/v2\/posts\/16765\/revisions\/16773"}],"wp:featuredmedia":[{"embeddable":true,"href":"https:\/\/www.yungayino.cl\/noticias\/index.php?rest_route=\/wp\/v2\/media\/16766"}],"wp:attachment":[{"href":"https:\/\/www.yungayino.cl\/noticias\/index.php?rest_route=%2Fwp%2Fv2%2Fmedia&parent=16765"}],"wp:term":[{"taxonomy":"category","embeddable":true,"href":"https:\/\/www.yungayino.cl\/noticias\/index.php?rest_route=%2Fwp%2Fv2%2Fcategories&post=16765"},{"taxonomy":"post_tag","embeddable":true,"href":"https:\/\/www.yungayino.cl\/noticias\/index.php?rest_route=%2Fwp%2Fv2%2Ftags&post=16765"}],"curies":[{"name":"wp","href":"https:\/\/api.w.org\/{rel}","templated":true}]}}