{"id":16774,"date":"2016-06-25T21:00:21","date_gmt":"2016-06-26T00:00:21","guid":{"rendered":"http:\/\/www.yungayino.cl\/noticias\/?p=16774"},"modified":"2016-06-27T18:51:57","modified_gmt":"2016-06-27T21:51:57","slug":"jefa-daem-de-yungay-asistio-a-inauguracion-de-escuela-de-equinoterapia-para-ninosas-de-la-comuna-de-el-carmen","status":"publish","type":"post","link":"https:\/\/www.yungayino.cl\/noticias\/?p=16774","title":{"rendered":"Jefa DAEM de Yungay Asisti\u00f3 a Inauguraci\u00f3n de Escuela de Equinoterapia para Ni\u00f1os(as) de la Comuna de El Carmen"},"content":{"rendered":"<p style=\"text-align: justify;\"><img loading=\"lazy\" decoding=\"async\" class=\"alignnone size-full wp-image-16767\" src=\"http:\/\/www.yungayino.cl\/noticias\/wp-content\/uploads\/2016\/06\/equinoterapia_elcarmen.jpg\" alt=\"equinoterapia_elcarmen\" width=\"700\" height=\"350\" srcset=\"https:\/\/www.yungayino.cl\/noticias\/wp-content\/uploads\/2016\/06\/equinoterapia_elcarmen.jpg 700w, https:\/\/www.yungayino.cl\/noticias\/wp-content\/uploads\/2016\/06\/equinoterapia_elcarmen-300x150.jpg 300w\" sizes=\"auto, (max-width: 700px) 100vw, 700px\" \/><\/p>\n<p style=\"text-align: justify;\">Yungay, s\u00e1bado 25 de junio 2016: La Jefa DEAM Yungay, Sra. Eugenia L\u00f3pez Hern\u00e1ndez y el Coordinador Comunal del Programa de Integraci\u00f3n Escolar DAEM Yungay Sr. Marcelo Sep\u00falveda Castillo, participaron en la inauguraci\u00f3n de la primera Escuela de Equinoterapia para ni\u00f1os(as) de la Comuna de El Carmen, la cual se llev\u00f3 a cabo el pasado 10 de junio.<\/p>\n<p style=\"text-align: justify;\"><iframe loading=\"lazy\" src=\"https:\/\/www.facebook.com\/plugins\/post.php?href=https:\/\/www.facebook.com\/media\/set\/?set=a.1332902863391416.1073742854.159561284058919&#038;type=1&#038;l=6309d2e358&#038;l=a77e327dc6&#038;l=f5951f1994&#038;l=bfecbb8adf&#038;l=687b6bf5da&#038;width=500&#038;show_text=true&#038;height=691&#038;appId\" width=\"500\" height=\"691\" style=\"border:none;overflow:hidden\" scrolling=\"no\" frameborder=\"0\" allowTransparency=\"true\"><\/iframe>\n<\/p>\n<p style=\"text-align: justify;\">Se\u00f1alar que este importante proyecto para la vecina comuna del El Carmen se concret\u00f3 gracias al trabajo de la ONG Good Neighbors Chile, la Escuela Virgen del Carmen y el Equipo Multiprofesional del Departamento de Educaci\u00f3n Municipal de El Carmen.<\/p>\n<p style=\"text-align: justify;\">Finalmente<strong> Marcelo Sep\u00falveda Castillo<\/strong>, Coordinador Comunal del Programa de Integraci\u00f3n Escolar DAEM Yungay se\u00f1alo al Equipo del Portal Yungayino sentirse muy contento y orgulloso al igual que la Jefa DAEM Sra. Eugenia L\u00f3pez Hern\u00e1ndez, por haber asistido a la inauguraci\u00f3n de este gran proyecto para la comuna de El Carmen, donde fueron reconocidos por el apoyo dado con la entrega de toda su experiencia cuando en Yungay se ejecut\u00f3 tambi\u00e9n el Proyecto de Equinoterapia y que en la actualidad funciona en la antigua Escuela de Chillancito y donde\u00a0 beneficia a 27 ni\u00f1os y j\u00f3venes de edades de 6 a 26 a\u00f1os, la mayor\u00eda de ellos pertenecientes al radio urbano de la comuna y que est\u00e1n insertos en el nivel educativo con modalidad de opci\u00f3n 4 b\u00e1sica y Taller Laboral, de los establecimientos educacionales Fernando Baquedano, Liceo A-17 de Yungay y Liceo T\u00e9cnico de Campanario.<\/p>\n<p style=\"text-align: justify;\">[su_button url=\u00bbhttps:\/\/www.facebook.com\/media\/set\/?set=a.1332902863391416.1073742854.159561284058919&amp;type=1&amp;l=6309d2e358&#8243; target=\u00bbblank\u00bb size=\u00bb7&#8243; radius=\u00bbround\u00bb icon=\u00bbicon: facebook-square\u00bb]FOTOGRAF\u00cdAS &#8211; Jefa DAEM de Yungay Asisti\u00f3 a Inauguraci\u00f3n de Escuela de Equinoterapia para Ni\u00f1os(as) de la Comuna de El Carmen[\/su_button]<\/p>\n","protected":false},"excerpt":{"rendered":"<p>Yungay, s\u00e1bado 25 de junio 2016: La Jefa DEAM Yungay, Sra. Eugenia L\u00f3pez Hern\u00e1ndez y el Coordinador Comunal del Programa de Integraci\u00f3n Escolar DAEM Yungay Sr. Marcelo Sep\u00falveda Castillo, participaron en la inauguraci\u00f3n de&#46;&#46;&#46;<\/p>\n","protected":false},"author":2,"featured_media":16767,"comment_status":"open","ping_status":"open","sticky":false,"template":"","format":"standard","meta":{"footnotes":""},"categories":[1],"tags":[355,1194,1371,1115,8,6,117],"class_list":["post-16774","post","type-post","status-publish","format-standard","has-post-thumbnail","hentry","category-noticias","tag-daem","tag-el-carmen","tag-escuela-equinoterapia","tag-noticias","tag-yungay","tag-yungayino","tag-yungayinocl"],"_links":{"self":[{"href":"https:\/\/www.yungayino.cl\/noticias\/index.php?rest_route=\/wp\/v2\/posts\/16774","targetHints":{"allow":["GET"]}}],"collection":[{"href":"https:\/\/www.yungayino.cl\/noticias\/index.php?rest_route=\/wp\/v2\/posts"}],"about":[{"href":"https:\/\/www.yungayino.cl\/noticias\/index.php?rest_route=\/wp\/v2\/types\/post"}],"author":[{"embeddable":true,"href":"https:\/\/www.yungayino.cl\/noticias\/index.php?rest_route=\/wp\/v2\/users\/2"}],"replies":[{"embeddable":true,"href":"https:\/\/www.yungayino.cl\/noticias\/index.php?rest_route=%2Fwp%2Fv2%2Fcomments&post=16774"}],"version-history":[{"count":5,"href":"https:\/\/www.yungayino.cl\/noticias\/index.php?rest_route=\/wp\/v2\/posts\/16774\/revisions"}],"predecessor-version":[{"id":16779,"href":"https:\/\/www.yungayino.cl\/noticias\/index.php?rest_route=\/wp\/v2\/posts\/16774\/revisions\/16779"}],"wp:featuredmedia":[{"embeddable":true,"href":"https:\/\/www.yungayino.cl\/noticias\/index.php?rest_route=\/wp\/v2\/media\/16767"}],"wp:attachment":[{"href":"https:\/\/www.yungayino.cl\/noticias\/index.php?rest_route=%2Fwp%2Fv2%2Fmedia&parent=16774"}],"wp:term":[{"taxonomy":"category","embeddable":true,"href":"https:\/\/www.yungayino.cl\/noticias\/index.php?rest_route=%2Fwp%2Fv2%2Fcategories&post=16774"},{"taxonomy":"post_tag","embeddable":true,"href":"https:\/\/www.yungayino.cl\/noticias\/index.php?rest_route=%2Fwp%2Fv2%2Ftags&post=16774"}],"curies":[{"name":"wp","href":"https:\/\/api.w.org\/{rel}","templated":true}]}}