{"id":16786,"date":"2016-06-26T22:00:46","date_gmt":"2016-06-27T01:00:46","guid":{"rendered":"http:\/\/www.yungayino.cl\/noticias\/?p=16786"},"modified":"2016-06-27T19:31:44","modified_gmt":"2016-06-27T22:31:44","slug":"agrupacion-red-de-turismo-de-yungay-visito-la-comuna-de-portezuelo","status":"publish","type":"post","link":"https:\/\/www.yungayino.cl\/noticias\/?p=16786","title":{"rendered":"Agrupaci\u00f3n Red de Turismo de Yungay Visit\u00f3 la Comuna de Portezuelo"},"content":{"rendered":"<p><img loading=\"lazy\" decoding=\"async\" class=\"alignnone size-full wp-image-16769\" src=\"http:\/\/www.yungayino.cl\/noticias\/wp-content\/uploads\/2016\/06\/red_turismo_portezuelo.jpg\" alt=\"red_turismo_portezuelo\" width=\"700\" height=\"350\" srcset=\"https:\/\/www.yungayino.cl\/noticias\/wp-content\/uploads\/2016\/06\/red_turismo_portezuelo.jpg 700w, https:\/\/www.yungayino.cl\/noticias\/wp-content\/uploads\/2016\/06\/red_turismo_portezuelo-300x150.jpg 300w\" sizes=\"auto, (max-width: 700px) 100vw, 700px\" \/><\/p>\n<p style=\"text-align: justify;\">Yungay, domingo 26 de junio 2016: La Agrupaci\u00f3n Red de Turismo de Yungay integrada por emprendedores y empresarios de diferentes rubros visit\u00f3 la comuna de Portezuelo con el objetivo de adquirir experiencia e ir fortaleci\u00e9ndose como agrupaci\u00f3n.<\/p>\n<p style=\"text-align: justify;\"><iframe loading=\"lazy\" src=\"https:\/\/www.facebook.com\/plugins\/post.php?href=https:\/\/www.facebook.com\/media\/set\/?set=a.1332919323389770.1073742857.159561284058919&#038;type=1&#038;l=e673bfe40a&#038;l=a77e327dc6&#038;l=f5951f1994&#038;l=bfecbb8adf&#038;l=687b6bf5da&#038;width=500&#038;show_text=true&#038;height=691&#038;appId\" width=\"500\" height=\"691\" style=\"border:none;overflow:hidden\" scrolling=\"no\" frameborder=\"0\" allowTransparency=\"true\"><\/iframe><\/p>\n<p style=\"text-align: justify;\">Se\u00f1alar que la Agrupaci\u00f3n Red de Turismo de Yungay fue formada en el mes de julio del a\u00f1o 2015 con el objetivo de realizar un trabajo en conjunto, el cual les permita postular a proyectos asociativos, todo con el fin de mejorar los servicios y productos que se elaboran y prestan los mismos socios, y as\u00ed mostrar todas las bondades y bellezas tur\u00edsticas de Yungay as\u00ed lo se\u00f1alo al Equipo del Portal Yungayino.cl <strong>Miguel Mart\u00ednez<\/strong>, Encargado de Turismo y Gesti\u00f3n Cultural de la Ilustre Municipalidad de Yungay.<\/p>\n<p style=\"text-align: justify;\">Mencionar que esta actividad se realiz\u00f3 en conjunto con la Red de Turismo Rural de Portezuelo y la Red de Turismo de Yungay ambas apoyadas por sus respectivos municipios, donde fueron recibidos con un desayuno campestre que consist\u00eda en el tradicional harinado con chicha dulce o vino; te de hoja o caf\u00e9 de trigo; pan amasado, mantequilla y mermelada casera, adem\u00e1s del circuito por la bodega patrimonial escuchando la historia de la vi\u00f1a y de Portezuelo.<\/p>\n<p style=\"text-align: justify;\">Finalmente destacar que la actividad contemplo actividades para todo el d\u00eda donde se destac\u00f3 la visita a la Vi\u00f1a Prado (Fundo La Posada), visita a cuarteles de vi\u00f1as patrimoniales de m\u00e1s de 250 a\u00f1os, muestra de productos agr\u00edcolas y artesan\u00edas, visita y recorrido por los \u00a0invernaderos del Huerto Org\u00e1nico \u201cPlantines Chudal\u201d, adem\u00e1s de compartir un rico almuerzo campestre con productos caseros \u201cLa Tita\u201d de Portezuelo.<\/p>\n<p style=\"text-align: justify;\">[su_button url=\u00bbhttps:\/\/www.facebook.com\/media\/set\/?set=a.1332919323389770.1073742857.159561284058919&amp;type=1&amp;l=e673bfe40a\u00bb target=\u00bbblank\u00bb size=\u00bb7&#8243; radius=\u00bbround\u00bb icon=\u00bbicon: facebook-square\u00bb]FOTOGRAF\u00cdAS &#8211; Agrupaci\u00f3n Red de Turismo de Yungay Visit\u00f3 la Comuna de Portezuelo[\/su_button]<\/p>\n<p>&nbsp;<\/p>\n","protected":false},"excerpt":{"rendered":"<p>Yungay, domingo 26 de junio 2016: La Agrupaci\u00f3n Red de Turismo de Yungay integrada por emprendedores y empresarios de diferentes rubros visit\u00f3 la comuna de Portezuelo con el objetivo de adquirir experiencia e ir&#46;&#46;&#46;<\/p>\n","protected":false},"author":2,"featured_media":16769,"comment_status":"open","ping_status":"open","sticky":false,"template":"","format":"standard","meta":{"footnotes":""},"categories":[1],"tags":[1373,1372,8,6,117],"class_list":["post-16786","post","type-post","status-publish","format-standard","has-post-thumbnail","hentry","category-noticias","tag-portezuelo","tag-red-turismo","tag-yungay","tag-yungayino","tag-yungayinocl"],"_links":{"self":[{"href":"https:\/\/www.yungayino.cl\/noticias\/index.php?rest_route=\/wp\/v2\/posts\/16786","targetHints":{"allow":["GET"]}}],"collection":[{"href":"https:\/\/www.yungayino.cl\/noticias\/index.php?rest_route=\/wp\/v2\/posts"}],"about":[{"href":"https:\/\/www.yungayino.cl\/noticias\/index.php?rest_route=\/wp\/v2\/types\/post"}],"author":[{"embeddable":true,"href":"https:\/\/www.yungayino.cl\/noticias\/index.php?rest_route=\/wp\/v2\/users\/2"}],"replies":[{"embeddable":true,"href":"https:\/\/www.yungayino.cl\/noticias\/index.php?rest_route=%2Fwp%2Fv2%2Fcomments&post=16786"}],"version-history":[{"count":5,"href":"https:\/\/www.yungayino.cl\/noticias\/index.php?rest_route=\/wp\/v2\/posts\/16786\/revisions"}],"predecessor-version":[{"id":16791,"href":"https:\/\/www.yungayino.cl\/noticias\/index.php?rest_route=\/wp\/v2\/posts\/16786\/revisions\/16791"}],"wp:featuredmedia":[{"embeddable":true,"href":"https:\/\/www.yungayino.cl\/noticias\/index.php?rest_route=\/wp\/v2\/media\/16769"}],"wp:attachment":[{"href":"https:\/\/www.yungayino.cl\/noticias\/index.php?rest_route=%2Fwp%2Fv2%2Fmedia&parent=16786"}],"wp:term":[{"taxonomy":"category","embeddable":true,"href":"https:\/\/www.yungayino.cl\/noticias\/index.php?rest_route=%2Fwp%2Fv2%2Fcategories&post=16786"},{"taxonomy":"post_tag","embeddable":true,"href":"https:\/\/www.yungayino.cl\/noticias\/index.php?rest_route=%2Fwp%2Fv2%2Ftags&post=16786"}],"curies":[{"name":"wp","href":"https:\/\/api.w.org\/{rel}","templated":true}]}}