{"id":16794,"date":"2016-06-27T15:00:58","date_gmt":"2016-06-27T18:00:58","guid":{"rendered":"http:\/\/www.yungayino.cl\/noticias\/?p=16794"},"modified":"2016-06-27T20:55:26","modified_gmt":"2016-06-27T23:55:26","slug":"comunidad-escolar-de-la-escuela-fernando-baquedano-celebro-fiesta-de-san-juan-con-gran-estofado-2","status":"publish","type":"post","link":"https:\/\/www.yungayino.cl\/noticias\/?p=16794","title":{"rendered":"Comunidad Escolar de la Escuela Fernando Baquedano Celebro Fiesta de \u201cSan Juan\u201d con Gran Estofado"},"content":{"rendered":"<p><img loading=\"lazy\" decoding=\"async\" class=\"alignnone size-full wp-image-16795\" src=\"http:\/\/www.yungayino.cl\/noticias\/wp-content\/uploads\/2016\/06\/fernando_baquedano_estofado_2016.jpg\" alt=\"fernando_baquedano_estofado_2016\" width=\"700\" height=\"350\" srcset=\"https:\/\/www.yungayino.cl\/noticias\/wp-content\/uploads\/2016\/06\/fernando_baquedano_estofado_2016.jpg 700w, https:\/\/www.yungayino.cl\/noticias\/wp-content\/uploads\/2016\/06\/fernando_baquedano_estofado_2016-300x150.jpg 300w\" sizes=\"auto, (max-width: 700px) 100vw, 700px\" \/><\/p>\n<p style=\"text-align: justify;\">Yungay, lunes 27 de junio 2016: En el Sal\u00f3n Comunitario Multiuso se celebr\u00f3 el pasado viernes 23 de junio la Fiesta de San Juan con un gran \u201cEstofado\u201d, el cual fue organizado por la Comunidad Escolar de la Escuela Fernando Baquedano y cont\u00f3 con el apoyo de la Ilustre Municipalidad de Yungay.<\/p>\n<p style=\"text-align: justify;\"><iframe loading=\"lazy\" src=\"https:\/\/www.facebook.com\/plugins\/post.php?href=https:\/\/www.facebook.com\/media\/set\/?set=a.1332957493385953.1073742858.159561284058919&#038;type=1&#038;l=74af8210ac&#038;l=a77e327dc6&#038;l=f5951f1994&#038;l=bfecbb8adf&#038;l=687b6bf5da&#038;width=500&#038;show_text=true&#038;height=691&#038;appId\" width=\"500\" height=\"691\" style=\"border:none;overflow:hidden\" scrolling=\"no\" frameborder=\"0\" allowTransparency=\"true\"><\/iframe>\n<\/p>\n<p style=\"text-align: justify;\">En la ocasi\u00f3n los asistentes pudieron disfrutar del \u201cEstofado\u201d plato tradicional de nuestra cocina chilena que se acompa\u00f1a con sopaipillas, pebre, aj\u00ed, tortilla y vino, adem\u00e1s de un variado show que este a\u00f1o cont\u00f3 con la participaci\u00f3n del Grupo de Tunas, el cantautor Ra\u00fal Mu\u00f1oz y Gabriel Quintrileo, el Grupo Los Cumbianacheros y \u00c1guila del Monte.<\/p>\n<p style=\"text-align: justify;\">Finalmente la Comunidad Escolar agradeci\u00f3 a todos los que asistieron y colaboradores que hicieron posible la realizaci\u00f3n de esta actividad.<\/p>\n<p style=\"text-align: justify;\">[su_button url=\u00bbhttps:\/\/www.facebook.com\/media\/set\/?set=a.1332957493385953.1073742858.159561284058919&amp;type=1&amp;l=74af8210ac\u00bb target=\u00bbblank\u00bb size=\u00bb7&#8243; radius=\u00bbround\u00bb icon=\u00bbicon: facebook-square\u00bb]FOTOGRAF\u00cdAS &#8211; Comunidad Escolar de la Escuela Fernando Baquedano Celebro Fiesta de \u201cSan Juan\u201d con Gran Estofado[\/su_button]<\/p>\n","protected":false},"excerpt":{"rendered":"<p>Yungay, lunes 27 de junio 2016: En el Sal\u00f3n Comunitario Multiuso se celebr\u00f3 el pasado viernes 23 de junio la Fiesta de San Juan con un gran \u201cEstofado\u201d, el cual fue organizado por la&#46;&#46;&#46;<\/p>\n","protected":false},"author":2,"featured_media":16795,"comment_status":"open","ping_status":"open","sticky":false,"template":"","format":"standard","meta":{"footnotes":""},"categories":[1],"tags":[190,61,1115,8,6,117],"class_list":["post-16794","post","type-post","status-publish","format-standard","has-post-thumbnail","hentry","category-noticias","tag-escuela-fernando-baquedano","tag-estofado-san-juan","tag-noticias","tag-yungay","tag-yungayino","tag-yungayinocl"],"_links":{"self":[{"href":"https:\/\/www.yungayino.cl\/noticias\/index.php?rest_route=\/wp\/v2\/posts\/16794","targetHints":{"allow":["GET"]}}],"collection":[{"href":"https:\/\/www.yungayino.cl\/noticias\/index.php?rest_route=\/wp\/v2\/posts"}],"about":[{"href":"https:\/\/www.yungayino.cl\/noticias\/index.php?rest_route=\/wp\/v2\/types\/post"}],"author":[{"embeddable":true,"href":"https:\/\/www.yungayino.cl\/noticias\/index.php?rest_route=\/wp\/v2\/users\/2"}],"replies":[{"embeddable":true,"href":"https:\/\/www.yungayino.cl\/noticias\/index.php?rest_route=%2Fwp%2Fv2%2Fcomments&post=16794"}],"version-history":[{"count":4,"href":"https:\/\/www.yungayino.cl\/noticias\/index.php?rest_route=\/wp\/v2\/posts\/16794\/revisions"}],"predecessor-version":[{"id":16799,"href":"https:\/\/www.yungayino.cl\/noticias\/index.php?rest_route=\/wp\/v2\/posts\/16794\/revisions\/16799"}],"wp:featuredmedia":[{"embeddable":true,"href":"https:\/\/www.yungayino.cl\/noticias\/index.php?rest_route=\/wp\/v2\/media\/16795"}],"wp:attachment":[{"href":"https:\/\/www.yungayino.cl\/noticias\/index.php?rest_route=%2Fwp%2Fv2%2Fmedia&parent=16794"}],"wp:term":[{"taxonomy":"category","embeddable":true,"href":"https:\/\/www.yungayino.cl\/noticias\/index.php?rest_route=%2Fwp%2Fv2%2Fcategories&post=16794"},{"taxonomy":"post_tag","embeddable":true,"href":"https:\/\/www.yungayino.cl\/noticias\/index.php?rest_route=%2Fwp%2Fv2%2Ftags&post=16794"}],"curies":[{"name":"wp","href":"https:\/\/api.w.org\/{rel}","templated":true}]}}