{"id":16800,"date":"2016-06-27T10:00:24","date_gmt":"2016-06-27T13:00:24","guid":{"rendered":"http:\/\/www.yungayino.cl\/noticias\/?p=16800"},"modified":"2016-06-27T21:14:49","modified_gmt":"2016-06-28T00:14:49","slug":"biblioteca-publica-de-yungay-celebro-tradicional-noche-de-san-juan-2","status":"publish","type":"post","link":"https:\/\/www.yungayino.cl\/noticias\/?p=16800","title":{"rendered":"Biblioteca P\u00fablica de Yungay Celebr\u00f3 Tradicional \u201cNoche de San Juan\u201d"},"content":{"rendered":"<p style=\"text-align: justify;\"><img loading=\"lazy\" decoding=\"async\" class=\"alignnone size-full wp-image-16801\" src=\"http:\/\/www.yungayino.cl\/noticias\/wp-content\/uploads\/2016\/06\/biblioteca_noche_san_juan_2016.jpg\" alt=\"biblioteca_noche_san_juan_2016\" width=\"700\" height=\"350\" srcset=\"https:\/\/www.yungayino.cl\/noticias\/wp-content\/uploads\/2016\/06\/biblioteca_noche_san_juan_2016.jpg 700w, https:\/\/www.yungayino.cl\/noticias\/wp-content\/uploads\/2016\/06\/biblioteca_noche_san_juan_2016-300x150.jpg 300w\" sizes=\"auto, (max-width: 700px) 100vw, 700px\" \/><\/p>\n<p style=\"text-align: justify;\">Yungay, lunes 27 de junio 2016: Como ya es tradicional la Biblioteca P\u00fablica de Yungay celebr\u00f3 el pasado jueves 23 de junio la \u201cNoche de San Juan\u201d con una muy buena asistencia de p\u00fablico que disfruto de Bailes, Folclore, Rancheras, Mateadas, adem\u00e1s de conocer y aprender de las tradicionales pruebas.<\/p>\n<p style=\"text-align: justify;\"><iframe loading=\"lazy\" src=\"https:\/\/www.facebook.com\/plugins\/post.php?href=https:\/\/www.facebook.com\/media\/set\/?set=a.1332970296718006.1073742859.159561284058919&#038;type=1&#038;l=99afa19c50&#038;l=a77e327dc6&#038;l=f5951f1994&#038;l=bfecbb8adf&#038;l=687b6bf5da&#038;width=500&#038;show_text=true&#038;height=691&#038;appId\" width=\"500\" height=\"691\" style=\"border:none;overflow:hidden\" scrolling=\"no\" frameborder=\"0\" allowTransparency=\"true\"><\/iframe>\n<\/p>\n<p style=\"text-align: justify;\">Se\u00f1alar que \u201cLa Noche de San Juan\u201d es una festividad de origen pagano asociada a la llegada del solsticio de invierno (o de verano, en el hemisferio norte) en la que se suelen encender hogueras con la simb\u00f3lica finalidad de ayudar al sol a no perder fuerzas. Se dec\u00eda que el sol estaba perdidamente enamorado de la Tierra y no se resist\u00eda a abandonarla, hasta el punto de seguirla incluso en la noche m\u00e1s larga del a\u00f1o. Otros sosten\u00edan que durante esta fecha el diablo andaba rondando el mundo y que por su intermediaci\u00f3n hab\u00eda que ubicarse bajo una higuera para m\u00e1gicamente aprender a tocar un instrumento musical o presenciar su supuesta floraci\u00f3n. Adem\u00e1s se pensaba que en esta noche las parejas y la tierra eran mucho m\u00e1s f\u00e9rtiles.<\/p>\n<p style=\"text-align: justify;\">Es por este motivo y para no permitir que muera esta antigua tradici\u00f3n, es que la Biblioteca P\u00fablica de Yungay por cuarto a\u00f1o consecutivo, celebr\u00f3 la <strong>\u201cLa Noche de San Juan\u201d<\/strong>, as\u00ed lo se\u00f1alo al Equip\u00f3 del Portal Yungayino.cl la Jefa de la Biblioteca, Paulina \u00c1vila Pinto, qui\u00e9n adem\u00e1s agradeci\u00f3 a Mapuketran y a los Halcones Negros, quienes fueron los que pusieron la nota de m\u00fasica, folclore y baile.<\/p>\n<p style=\"text-align: justify;\"><strong>[su_button url=\u00bbhttps:\/\/www.facebook.com\/media\/set\/?set=a.1332970296718006.1073742859.159561284058919&amp;type=1&amp;l=99afa19c50&#8243; target=\u00bbblank\u00bb size=\u00bb7&#8243; radius=\u00bbround\u00bb icon=\u00bbicon: facebook-square\u00bb]FOTOGRAF\u00cdAS &#8211; Biblioteca P\u00fablica de Yungay Celebr\u00f3 Tradicional \u201cNoche de San Juan\u201d[\/su_button]<\/strong><\/p>\n","protected":false},"excerpt":{"rendered":"<p>Yungay, lunes 27 de junio 2016: Como ya es tradicional la Biblioteca P\u00fablica de Yungay celebr\u00f3 el pasado jueves 23 de junio la \u201cNoche de San Juan\u201d con una muy buena asistencia de p\u00fablico&#46;&#46;&#46;<\/p>\n","protected":false},"author":2,"featured_media":16801,"comment_status":"open","ping_status":"open","sticky":false,"template":"","format":"standard","meta":{"footnotes":""},"categories":[5,1],"tags":[453,61,1115,8,6,117],"class_list":["post-16800","post","type-post","status-publish","format-standard","has-post-thumbnail","hentry","category-eventos","category-noticias","tag-biblioteca-yungay","tag-estofado-san-juan","tag-noticias","tag-yungay","tag-yungayino","tag-yungayinocl"],"_links":{"self":[{"href":"https:\/\/www.yungayino.cl\/noticias\/index.php?rest_route=\/wp\/v2\/posts\/16800","targetHints":{"allow":["GET"]}}],"collection":[{"href":"https:\/\/www.yungayino.cl\/noticias\/index.php?rest_route=\/wp\/v2\/posts"}],"about":[{"href":"https:\/\/www.yungayino.cl\/noticias\/index.php?rest_route=\/wp\/v2\/types\/post"}],"author":[{"embeddable":true,"href":"https:\/\/www.yungayino.cl\/noticias\/index.php?rest_route=\/wp\/v2\/users\/2"}],"replies":[{"embeddable":true,"href":"https:\/\/www.yungayino.cl\/noticias\/index.php?rest_route=%2Fwp%2Fv2%2Fcomments&post=16800"}],"version-history":[{"count":4,"href":"https:\/\/www.yungayino.cl\/noticias\/index.php?rest_route=\/wp\/v2\/posts\/16800\/revisions"}],"predecessor-version":[{"id":16805,"href":"https:\/\/www.yungayino.cl\/noticias\/index.php?rest_route=\/wp\/v2\/posts\/16800\/revisions\/16805"}],"wp:featuredmedia":[{"embeddable":true,"href":"https:\/\/www.yungayino.cl\/noticias\/index.php?rest_route=\/wp\/v2\/media\/16801"}],"wp:attachment":[{"href":"https:\/\/www.yungayino.cl\/noticias\/index.php?rest_route=%2Fwp%2Fv2%2Fmedia&parent=16800"}],"wp:term":[{"taxonomy":"category","embeddable":true,"href":"https:\/\/www.yungayino.cl\/noticias\/index.php?rest_route=%2Fwp%2Fv2%2Fcategories&post=16800"},{"taxonomy":"post_tag","embeddable":true,"href":"https:\/\/www.yungayino.cl\/noticias\/index.php?rest_route=%2Fwp%2Fv2%2Ftags&post=16800"}],"curies":[{"name":"wp","href":"https:\/\/api.w.org\/{rel}","templated":true}]}}