{"id":16821,"date":"2016-06-29T15:00:28","date_gmt":"2016-06-29T18:00:28","guid":{"rendered":"http:\/\/www.yungayino.cl\/noticias\/?p=16821"},"modified":"2016-06-29T17:26:02","modified_gmt":"2016-06-29T20:26:02","slug":"yungay-sera-sede-provincial-de-la-primera-feria-de-la-educacion-publica","status":"publish","type":"post","link":"https:\/\/www.yungayino.cl\/noticias\/?p=16821","title":{"rendered":"Yungay Sera Sede Provincial de la \u201cPrimera Feria de la Educaci\u00f3n P\u00fablica\u201d"},"content":{"rendered":"<p><img loading=\"lazy\" decoding=\"async\" class=\"alignnone size-full wp-image-16817\" src=\"http:\/\/www.yungayino.cl\/noticias\/wp-content\/uploads\/2016\/06\/\u00edndice_.png\" alt=\"\u00edndice_\" width=\"700\" height=\"212\" srcset=\"https:\/\/www.yungayino.cl\/noticias\/wp-content\/uploads\/2016\/06\/\u00edndice_.png 700w, https:\/\/www.yungayino.cl\/noticias\/wp-content\/uploads\/2016\/06\/\u00edndice_-300x91.png 300w, https:\/\/www.yungayino.cl\/noticias\/wp-content\/uploads\/2016\/06\/\u00edndice_-495x150.png 495w\" sizes=\"auto, (max-width: 700px) 100vw, 700px\" \/><\/p>\n<p style=\"text-align: justify;\">Yungay, mi\u00e9rcoles 29 de junio 2016: Con fecha <strong>s\u00e1bado 02 de julio<\/strong> Yungay, ser\u00e1 sede Provincial de la <strong>\u201cPrimera Feria de la Educaci\u00f3n P\u00fablica\u201d,<\/strong> la cual contemplar\u00e1 una muestra program\u00e1tica, art\u00edstica y cultural de los establecimientos educacionales p\u00fablicos de la comuna, desde la Educaci\u00f3n Parvulario hasta la Ense\u00f1anza Media, en el marco del Mineduc en Terreno: La Reforma Educacional en Marcha.<\/p>\n<p style=\"text-align: justify;\">Motivo por el cual es que se invita a toda la comunidad yungayina a participar de esta muestra que se desarrollar\u00e1 en la Plaza de Armas, entre las 11:00 y las 15:00 horas.<\/p>\n<p style=\"text-align: justify;\"><strong><u>Educaci\u00f3n P\u00fablica un Derecho, un Orgullo:<\/u><\/strong><\/p>\n<p style=\"text-align: justify;\">Seg\u00fan la Ley General de educaci\u00f3n; \u201cLa educaci\u00f3n es el proceso de aprendizaje permanente que abarca las distintas etapas de la vida de las personas y que tiene como finalidad alcanzar su desarrollo espiritual, \u00e9tico, moral, afectivo, intelectual, art\u00edstico y f\u00edsico, mediante la transmisi\u00f3n y el cultivo de valores, conocimientos y destrezas. Se enmarca en el respeto y valoraci\u00f3n de los derechos humanos y de las libertades fundamentales, de la diversidad multicultural y de la paz, y de nuestra identidad nacional, capacitando a las personas para conducir su vida en forma plena, para convivir y participar en forma responsable, tolerante, solidaria, democr\u00e1tica y activa en la comunidad, y para trabajar y contribuir al desarrollo del pa\u00eds\u201d (MINEDUC, Art 2 LGE, 2009).<\/p>\n<p style=\"text-align: justify;\"><!--more--><\/p>\n<p style=\"text-align: justify;\">Es por lo anterior que concebimos a la educaci\u00f3n como un derecho social, garantizado en la Constituci\u00f3n y en tratados internacionales, por lo que deben existir garant\u00edas que provengan del Estado para que exista una Educaci\u00f3n p\u00fablica, que se inspire en los siguientes principios:<\/p>\n<ol>\n<li style=\"text-align: justify;\">Universalidad y educaci\u00f3n permanente. La educaci\u00f3n debe estar al alcance de todas las personas a lo largo de toda la vida.<\/li>\n<li style=\"text-align: justify;\">Calidad de la educaci\u00f3n. La educaci\u00f3n debe propender a asegurar que todos los alumnos y alumnas, independientemente de sus condiciones y circunstancias, alcancen los objetivos generales y los est\u00e1ndares de aprendizaje que se definan en la forma que establezca la ley.<\/li>\n<li style=\"text-align: justify;\">Equidad del sistema educativo. El sistema propender\u00e1 a asegurar que todos los estudiantes tengan las mismas oportunidades de recibir una educaci\u00f3n de calidad, con especial atenci\u00f3n en aquellas personas o grupos que requieran apoyo especial.<\/li>\n<li style=\"text-align: justify;\">Autonom\u00eda. El sistema se basa en el respeto y fomento de la autonom\u00eda de los establecimientos educativos. Consiste en la definici\u00f3n y desarrollo de sus proyectos educativos, en el marco de las leyes que los rijan.<\/li>\n<li style=\"text-align: justify;\">El sistema debe promover y respetar la diversidad de procesos y proyectos educativos institucionales, as\u00ed como la diversidad cultural, religiosa y social de las poblaciones que son atendidas por \u00e9l.<\/li>\n<li style=\"text-align: justify;\">Todos los actores del proceso educativo deben cumplir sus deberes y rendir cuenta p\u00fablica cuando corresponda.<\/li>\n<li style=\"text-align: justify;\">Participaci\u00f3n. Los miembros de la comunidad educativa tienen derecho a ser informados y a participar en el proceso educativo en conformidad a la normativa vigente.<\/li>\n<li style=\"text-align: justify;\">El sistema debe permitir la adecuaci\u00f3n del proceso a la diversidad de realidades y proyectos educativos institucionales.<\/li>\n<li style=\"text-align: justify;\">La informaci\u00f3n desagregada del conjunto del sistema educativo, incluyendo los ingresos y gastos y los resultados acad\u00e9micos debe estar a disposici\u00f3n de los ciudadanos, a nivel de establecimiento, comuna, provincia, regi\u00f3n y pa\u00eds.<\/li>\n<li style=\"text-align: justify;\">Integraci\u00f3n. El sistema propiciar\u00e1 la incorporaci\u00f3n de alumnos de diversas condiciones sociales, \u00e9tnicas, religiosas, econ\u00f3micas y culturales.<\/li>\n<li style=\"text-align: justify;\">El sistema fomentar\u00e1 el respeto al medio ambiente y el uso racional de los recursos naturales, como expresi\u00f3n concreta de la solidaridad con las futuras generaciones.<\/li>\n<li style=\"text-align: justify;\">El sistema debe reconocer y valorar al individuo en su especificidad cultural y de origen, considerando su lengua, cosmovisi\u00f3n e historia (MINEDUC, Art 3 LGE, 2009).<\/li>\n<\/ol>\n","protected":false},"excerpt":{"rendered":"<p>Yungay, mi\u00e9rcoles 29 de junio 2016: Con fecha s\u00e1bado 02 de julio Yungay, ser\u00e1 sede Provincial de la \u201cPrimera Feria de la Educaci\u00f3n P\u00fablica\u201d, la cual contemplar\u00e1 una muestra program\u00e1tica, art\u00edstica y cultural de&#46;&#46;&#46;<\/p>\n","protected":false},"author":2,"featured_media":16817,"comment_status":"open","ping_status":"open","sticky":false,"template":"","format":"standard","meta":{"footnotes":""},"categories":[3,5,1],"tags":[355,1377,1115,8,6,117],"class_list":["post-16821","post","type-post","status-publish","format-standard","has-post-thumbnail","hentry","category-actualidad","category-eventos","category-noticias","tag-daem","tag-feria-educacion-publica","tag-noticias","tag-yungay","tag-yungayino","tag-yungayinocl"],"_links":{"self":[{"href":"https:\/\/www.yungayino.cl\/noticias\/index.php?rest_route=\/wp\/v2\/posts\/16821","targetHints":{"allow":["GET"]}}],"collection":[{"href":"https:\/\/www.yungayino.cl\/noticias\/index.php?rest_route=\/wp\/v2\/posts"}],"about":[{"href":"https:\/\/www.yungayino.cl\/noticias\/index.php?rest_route=\/wp\/v2\/types\/post"}],"author":[{"embeddable":true,"href":"https:\/\/www.yungayino.cl\/noticias\/index.php?rest_route=\/wp\/v2\/users\/2"}],"replies":[{"embeddable":true,"href":"https:\/\/www.yungayino.cl\/noticias\/index.php?rest_route=%2Fwp%2Fv2%2Fcomments&post=16821"}],"version-history":[{"count":2,"href":"https:\/\/www.yungayino.cl\/noticias\/index.php?rest_route=\/wp\/v2\/posts\/16821\/revisions"}],"predecessor-version":[{"id":16823,"href":"https:\/\/www.yungayino.cl\/noticias\/index.php?rest_route=\/wp\/v2\/posts\/16821\/revisions\/16823"}],"wp:featuredmedia":[{"embeddable":true,"href":"https:\/\/www.yungayino.cl\/noticias\/index.php?rest_route=\/wp\/v2\/media\/16817"}],"wp:attachment":[{"href":"https:\/\/www.yungayino.cl\/noticias\/index.php?rest_route=%2Fwp%2Fv2%2Fmedia&parent=16821"}],"wp:term":[{"taxonomy":"category","embeddable":true,"href":"https:\/\/www.yungayino.cl\/noticias\/index.php?rest_route=%2Fwp%2Fv2%2Fcategories&post=16821"},{"taxonomy":"post_tag","embeddable":true,"href":"https:\/\/www.yungayino.cl\/noticias\/index.php?rest_route=%2Fwp%2Fv2%2Ftags&post=16821"}],"curies":[{"name":"wp","href":"https:\/\/api.w.org\/{rel}","templated":true}]}}