{"id":16826,"date":"2016-07-01T15:00:20","date_gmt":"2016-07-01T18:00:20","guid":{"rendered":"http:\/\/www.yungayino.cl\/noticias\/?p=16826"},"modified":"2016-07-01T18:33:14","modified_gmt":"2016-07-01T21:33:14","slug":"en-colegio-cholguan-adecoffy-realizo-ceremonia-de-finalizacion-del-proyecto-del-fondo-de-proteccion-ambiental","status":"publish","type":"post","link":"https:\/\/www.yungayino.cl\/noticias\/?p=16826","title":{"rendered":"En Colegio Cholgu\u00e1n  ADECOFFY Realiz\u00f3 Ceremonia de Finalizaci\u00f3n del \u201cProyecto del Fondo de Protecci\u00f3n Ambiental\u201d"},"content":{"rendered":"<p><img loading=\"lazy\" decoding=\"async\" class=\"alignnone size-full wp-image-16827\" src=\"http:\/\/www.yungayino.cl\/noticias\/wp-content\/uploads\/2016\/07\/adecoffy_cholguan_2016069.jpg\" alt=\"adecoffy_cholguan_2016069\" width=\"700\" height=\"350\" srcset=\"https:\/\/www.yungayino.cl\/noticias\/wp-content\/uploads\/2016\/07\/adecoffy_cholguan_2016069.jpg 700w, https:\/\/www.yungayino.cl\/noticias\/wp-content\/uploads\/2016\/07\/adecoffy_cholguan_2016069-300x150.jpg 300w\" sizes=\"auto, (max-width: 700px) 100vw, 700px\" \/><\/p>\n<p style=\"text-align: justify;\">Cholgu\u00e1n, viernes 01 de julio 2016: En las dependencias del Colegio Cholgu\u00e1n la Agrupaci\u00f3n de Defensa y Conservaci\u00f3n de la Flora y Fauna del Valle Templado Yungay (ADECOFFY) realiz\u00f3 la ceremonia de finalizaci\u00f3n del \u201cProyecto del Fondo de Protecci\u00f3n Ambiental\u201d denominado <strong>\u00abYungay, Para, Mira, Lee e Invol\u00facrate con las 3 R (Reducir-Reutilizar-Reciclar)\u201d<\/strong>, proyecto financiado por el Fondo de Protecci\u00f3n Ambiental (FPA), otorgado por el Ministerio del Medio Ambiente.<\/p>\n<p style=\"text-align: justify;\"><iframe loading=\"lazy\" src=\"https:\/\/www.facebook.com\/plugins\/post.php?href=https:\/\/www.facebook.com\/media\/set\/?set=a.1335096826505353.1073742862.159561284058919&#038;type=1&#038;l=4a2de2e1ac&#038;l=a77e327dc6&#038;l=f5951f1994&#038;l=bfecbb8adf&#038;l=687b6bf5da&#038;width=500&#038;show_text=true&#038;height=691&#038;appId\" width=\"500\" height=\"691\" style=\"border:none;overflow:hidden\" scrolling=\"no\" frameborder=\"0\" allowTransparency=\"true\"><\/iframe>\n<\/p>\n<p style=\"text-align: justify;\">La ceremonia estuvo encabezada por la Directora del Colegio Cholgu\u00e1n Cesia Leiva, Blanca Faundez Godoy, presidenta de ADECOFFY, Marco Cuevas, Concejal, representantes del Club Ecol\u00f3gico del Colegio, liderado por el Profesor Luis Sandoval Torres, adem\u00e1s de alumnos y docentes.<\/p>\n<p style=\"text-align: justify;\"><strong>Blanca Faundez Godoy<\/strong>, se\u00f1alo a los presentes sus agradecimientos por el apoyo dado en la ejecuci\u00f3n de este importante proyecto que ten\u00eda como objetivo crear conciencia sobre la gesti\u00f3n de los residuos en los establecimientos educacionales de nuestra comuna como el Liceo de Yungay, Colegio Divina Pastora, Liceo Campanario y Colegio Cholgu\u00e1n, donde en cada uno de estos fueron instalados los Puntos de Reciclaje para que los alumnos depositaran los materiales a reciclar.<\/p>\n<p style=\"text-align: justify;\">Finalmente Blanca Fa\u00fandez Godoy hizo un llamado a las autoridades para que sigan apoyando estos proyectos y que en el futuro puedan instalarse en diferentes puntos de la comuna.<\/p>\n<p style=\"text-align: justify;\">La ceremonia concluyo con las plantaciones de \u00e1rboles nativos en la periferia del colegio para cuidar el medioambiente.<\/p>\n<p style=\"text-align: justify;\"><strong>[su_button url=\u00bbhttps:\/\/www.facebook.com\/media\/set\/?set=a.1335096826505353.1073742862.159561284058919&amp;type=1&amp;l=4a2de2e1ac\u00bb target=\u00bbblank\u00bb size=\u00bb7&#8243; radius=\u00bbround\u00bb icon=\u00bbicon: facebook-square\u00bb]FOTOGRAF\u00cdAS &#8211; En Colegio Cholgu\u00e1n ADECOFFY Realiz\u00f3 Ceremonia de Finalizaci\u00f3n del \u201cProyecto del Fondo de Protecci\u00f3n Ambiental\u201d[\/su_button]<\/strong><\/p>\n<p>&nbsp;<\/p>\n","protected":false},"excerpt":{"rendered":"<p>Cholgu\u00e1n, viernes 01 de julio 2016: En las dependencias del Colegio Cholgu\u00e1n la Agrupaci\u00f3n de Defensa y Conservaci\u00f3n de la Flora y Fauna del Valle Templado Yungay (ADECOFFY) realiz\u00f3 la ceremonia de finalizaci\u00f3n del&#46;&#46;&#46;<\/p>\n","protected":false},"author":2,"featured_media":16827,"comment_status":"open","ping_status":"open","sticky":false,"template":"","format":"standard","meta":{"footnotes":""},"categories":[1],"tags":[1168,35,87,1115,8,6,117],"class_list":["post-16826","post","type-post","status-publish","format-standard","has-post-thumbnail","hentry","category-noticias","tag-adecoffy","tag-cholguan","tag-colegio-cholguan","tag-noticias","tag-yungay","tag-yungayino","tag-yungayinocl"],"_links":{"self":[{"href":"https:\/\/www.yungayino.cl\/noticias\/index.php?rest_route=\/wp\/v2\/posts\/16826","targetHints":{"allow":["GET"]}}],"collection":[{"href":"https:\/\/www.yungayino.cl\/noticias\/index.php?rest_route=\/wp\/v2\/posts"}],"about":[{"href":"https:\/\/www.yungayino.cl\/noticias\/index.php?rest_route=\/wp\/v2\/types\/post"}],"author":[{"embeddable":true,"href":"https:\/\/www.yungayino.cl\/noticias\/index.php?rest_route=\/wp\/v2\/users\/2"}],"replies":[{"embeddable":true,"href":"https:\/\/www.yungayino.cl\/noticias\/index.php?rest_route=%2Fwp%2Fv2%2Fcomments&post=16826"}],"version-history":[{"count":3,"href":"https:\/\/www.yungayino.cl\/noticias\/index.php?rest_route=\/wp\/v2\/posts\/16826\/revisions"}],"predecessor-version":[{"id":16830,"href":"https:\/\/www.yungayino.cl\/noticias\/index.php?rest_route=\/wp\/v2\/posts\/16826\/revisions\/16830"}],"wp:featuredmedia":[{"embeddable":true,"href":"https:\/\/www.yungayino.cl\/noticias\/index.php?rest_route=\/wp\/v2\/media\/16827"}],"wp:attachment":[{"href":"https:\/\/www.yungayino.cl\/noticias\/index.php?rest_route=%2Fwp%2Fv2%2Fmedia&parent=16826"}],"wp:term":[{"taxonomy":"category","embeddable":true,"href":"https:\/\/www.yungayino.cl\/noticias\/index.php?rest_route=%2Fwp%2Fv2%2Fcategories&post=16826"},{"taxonomy":"post_tag","embeddable":true,"href":"https:\/\/www.yungayino.cl\/noticias\/index.php?rest_route=%2Fwp%2Fv2%2Ftags&post=16826"}],"curies":[{"name":"wp","href":"https:\/\/api.w.org\/{rel}","templated":true}]}}