{"id":16831,"date":"2016-07-04T10:00:40","date_gmt":"2016-07-04T13:00:40","guid":{"rendered":"http:\/\/www.yungayino.cl\/noticias\/?p=16831"},"modified":"2016-07-04T15:38:08","modified_gmt":"2016-07-04T18:38:08","slug":"seremi-de-desarrollo-social-capacita-a-dirigentes-y-comunidad-de-yungay-sobre-el-registro-social-de-hogares","status":"publish","type":"post","link":"https:\/\/www.yungayino.cl\/noticias\/?p=16831","title":{"rendered":"Seremi de Desarrollo Social Capacita a Dirigentes y Comunidad de Yungay Sobre el \u201cRegistro Social de Hogares\u201d"},"content":{"rendered":"<p><img loading=\"lazy\" decoding=\"async\" class=\"alignnone size-full wp-image-16833\" src=\"http:\/\/www.yungayino.cl\/noticias\/wp-content\/uploads\/2016\/07\/registro_social_hogares_2016.jpg\" alt=\"registro_social_hogares_2016\" width=\"700\" height=\"350\" srcset=\"https:\/\/www.yungayino.cl\/noticias\/wp-content\/uploads\/2016\/07\/registro_social_hogares_2016.jpg 700w, https:\/\/www.yungayino.cl\/noticias\/wp-content\/uploads\/2016\/07\/registro_social_hogares_2016-300x150.jpg 300w\" sizes=\"auto, (max-width: 700px) 100vw, 700px\" \/><\/p>\n<p style=\"text-align: justify;\">Yungay, lunes 04 de julio 2016: En las dependencias del Auditorio de la Biblioteca P\u00fablica el pasado jueves 30 de junio se llev\u00f3 a cabo una charla informativa sobre el <strong>\u201cRegistro Social de Hogares\u201d <\/strong>a dirigentes vecinales y comunidad en general.<\/p>\n<p style=\"text-align: justify;\"><iframe loading=\"lazy\" src=\"https:\/\/www.facebook.com\/plugins\/post.php?href=https:\/\/www.facebook.com\/media\/set\/?set=a.1337789036236132.1073742863.159561284058919&#038;type=1&#038;l=9660e64296&#038;l=a77e327dc6&#038;l=f5951f1994&#038;l=bfecbb8adf&#038;l=687b6bf5da&#038;width=500&#038;show_text=true&#038;height=691&#038;appId\" width=\"500\" height=\"691\" style=\"border:none;overflow:hidden\" scrolling=\"no\" frameborder=\"0\" allowTransparency=\"true\"><\/iframe><\/p>\n<p style=\"text-align: justify;\">La Charla fue realizada por el Representante del Seremi de Desarrollo Social Biob\u00edo Sr. Sergio Vidal, qui\u00e9n fue el encargado de presentar y resolver las inquietudes de las personas en torno a este instrumento que reemplaz\u00f3 a la Ficha de Protecci\u00f3n Social.<\/p>\n<p style=\"text-align: justify;\">Destacar que el Registro Social de Hogares es el sistema que reemplaz\u00f3 a la Ficha de Protecci\u00f3n Social desde el 01 de enero de 2016, con el objetivo de apoyar la postulaci\u00f3n y selecci\u00f3n de beneficiarios de las instituciones y organismos del Estado que otorgan prestaciones sociales.<\/p>\n<p style=\"text-align: justify;\">Se\u00f1ora Marcia Ortiz, Directora de DIDECO de la Municipalidad de Yungay, destac\u00f3 la capacitaci\u00f3n por parte del Ministerio de Desarrollo Social para todos los dirigentes y p\u00fablico que asisti\u00f3, ya que considerando que el Registro Social de Hogares es el nuevo instrumento que busca garantizar m\u00e1s justicia en la entrega de prestaci\u00f3n de servicios, y que adem\u00e1s es el requisito principal de admisibilidad para postular a nuestros programas, me pareci\u00f3 una capacitaci\u00f3n muy \u00fatil y necesaria, sobre todo para mis funciones diarias en la atenci\u00f3n ciudadana, para entregar a las personas respuestas fidedignas, simples y estandarizadas.<\/p>\n<p style=\"text-align: justify;\">Finalmente en la actividad estuvieron presente los concejales Rafael Cifuentes, Marco Cuevas, Juana Sandoval y Ang\u00e9lica Cabezas.<\/p>\n<p style=\"text-align: justify;\"><strong>[su_button url=\u00bbhttps:\/\/www.facebook.com\/media\/set\/?set=a.1337789036236132.1073742863.159561284058919&amp;type=1&amp;l=9660e64296&#8243; target=\u00bbblank\u00bb size=\u00bb7&#8243; radius=\u00bbround\u00bb icon=\u00bbicon: facebook-square\u00bb]FOTOGRAF\u00cdAS &#8211; Seremi de Desarrollo Social Capacita a Dirigentes y Comunidad de Yungay Sobre el \u201cRegistro Social de Hogares\u201d[\/su_button]<\/strong><\/p>\n","protected":false},"excerpt":{"rendered":"<p>Yungay, lunes 04 de julio 2016: En las dependencias del Auditorio de la Biblioteca P\u00fablica el pasado jueves 30 de junio se llev\u00f3 a cabo una charla informativa sobre el \u201cRegistro Social de Hogares\u201d&#46;&#46;&#46;<\/p>\n","protected":false},"author":2,"featured_media":16833,"comment_status":"open","ping_status":"open","sticky":false,"template":"","format":"standard","meta":{"footnotes":""},"categories":[3,1],"tags":[1115,1378,8,6,117],"class_list":["post-16831","post","type-post","status-publish","format-standard","has-post-thumbnail","hentry","category-actualidad","category-noticias","tag-noticias","tag-registro-social-de-hogares","tag-yungay","tag-yungayino","tag-yungayinocl"],"_links":{"self":[{"href":"https:\/\/www.yungayino.cl\/noticias\/index.php?rest_route=\/wp\/v2\/posts\/16831","targetHints":{"allow":["GET"]}}],"collection":[{"href":"https:\/\/www.yungayino.cl\/noticias\/index.php?rest_route=\/wp\/v2\/posts"}],"about":[{"href":"https:\/\/www.yungayino.cl\/noticias\/index.php?rest_route=\/wp\/v2\/types\/post"}],"author":[{"embeddable":true,"href":"https:\/\/www.yungayino.cl\/noticias\/index.php?rest_route=\/wp\/v2\/users\/2"}],"replies":[{"embeddable":true,"href":"https:\/\/www.yungayino.cl\/noticias\/index.php?rest_route=%2Fwp%2Fv2%2Fcomments&post=16831"}],"version-history":[{"count":3,"href":"https:\/\/www.yungayino.cl\/noticias\/index.php?rest_route=\/wp\/v2\/posts\/16831\/revisions"}],"predecessor-version":[{"id":16836,"href":"https:\/\/www.yungayino.cl\/noticias\/index.php?rest_route=\/wp\/v2\/posts\/16831\/revisions\/16836"}],"wp:featuredmedia":[{"embeddable":true,"href":"https:\/\/www.yungayino.cl\/noticias\/index.php?rest_route=\/wp\/v2\/media\/16833"}],"wp:attachment":[{"href":"https:\/\/www.yungayino.cl\/noticias\/index.php?rest_route=%2Fwp%2Fv2%2Fmedia&parent=16831"}],"wp:term":[{"taxonomy":"category","embeddable":true,"href":"https:\/\/www.yungayino.cl\/noticias\/index.php?rest_route=%2Fwp%2Fv2%2Fcategories&post=16831"},{"taxonomy":"post_tag","embeddable":true,"href":"https:\/\/www.yungayino.cl\/noticias\/index.php?rest_route=%2Fwp%2Fv2%2Ftags&post=16831"}],"curies":[{"name":"wp","href":"https:\/\/api.w.org\/{rel}","templated":true}]}}