{"id":16837,"date":"2016-07-04T12:00:14","date_gmt":"2016-07-04T15:00:14","guid":{"rendered":"http:\/\/www.yungayino.cl\/noticias\/?p=16837"},"modified":"2016-07-04T15:46:54","modified_gmt":"2016-07-04T18:46:54","slug":"yungay-realizo-la-primera-feria-de-la-educacion-publica","status":"publish","type":"post","link":"https:\/\/www.yungayino.cl\/noticias\/?p=16837","title":{"rendered":"Yungay Realiz\u00f3 la \u201cPrimera Feria de la Educaci\u00f3n P\u00fablica\u201d"},"content":{"rendered":"<p style=\"text-align: justify;\"><img loading=\"lazy\" decoding=\"async\" class=\"alignnone size-full wp-image-16832\" src=\"http:\/\/www.yungayino.cl\/noticias\/wp-content\/uploads\/2016\/07\/hernan_alvarez.jpg\" alt=\"hernan_alvarez\" width=\"700\" height=\"350\" srcset=\"https:\/\/www.yungayino.cl\/noticias\/wp-content\/uploads\/2016\/07\/hernan_alvarez.jpg 700w, https:\/\/www.yungayino.cl\/noticias\/wp-content\/uploads\/2016\/07\/hernan_alvarez-300x150.jpg 300w\" sizes=\"auto, (max-width: 700px) 100vw, 700px\" \/><\/p>\n<p style=\"text-align: justify;\">Yungay, lunes 04 de julio 2016: El pasado s\u00e1bado 02 de julio Yungay fue sede de la <strong>\u201cPrimera Feria de la Educaci\u00f3n P\u00fablica\u201d <\/strong>que se ha organizado en la provincia, la cual contemplo una muestra program\u00e1tica, art\u00edstica y cultural de todos los establecimientos educacionales p\u00fablicos de la comuna, desde la Educaci\u00f3n Parvularia hasta la Ense\u00f1anza Media, en el marco del Mineduc en Terreno: La Reforma Educacional en Marcha.<\/p>\n<p style=\"text-align: justify;\"><iframe loading=\"lazy\" src=\"https:\/\/www.facebook.com\/plugins\/post.php?href=https:\/\/www.facebook.com\/media\/set\/?set=a.1337791959569173.1073742864.159561284058919&#038;type=1&#038;l=5e4f873518&#038;l=a77e327dc6&#038;l=f5951f1994&#038;l=bfecbb8adf&#038;l=687b6bf5da&#038;width=500&#038;show_text=true&#038;height=691&#038;appId\" width=\"500\" height=\"691\" style=\"border:none;overflow:hidden\" scrolling=\"no\" frameborder=\"0\" allowTransparency=\"true\"><\/iframe><\/p>\n<p style=\"text-align: justify;\">La actividad cont\u00f3 con la asistencia del Jefe Provincial de Educaci\u00f3n Sr. Hern\u00e1n \u00c1lvarez, alcalde Pedro Inostroza Valenzuela, Jefa DAEM, Eugenia L\u00f3pez, Concejales, Directores de los diferentes establecimientos educacionales de la comuna, profesores, apoderados, alumnos y p\u00fablico en general, quienes pudieron disfrutar de una hermosa feria que fue montada en una imponente carpa dando un mayor realce a la feria.<\/p>\n<p style=\"text-align: justify;\">Durante el desarrollo de la actividad los estudiantes de las diferentes escuelas p\u00fablicas de la comuna dieron a conocer sus talentos art\u00edsticos, musicales, deportivos, entre otros; a trav\u00e9s de peque\u00f1as presentaciones del trabajo realizado junto a sus profesores en los diferentes talleres que sus establecimientos les brindan, tanto durante la jornada escolar como extra program\u00e1ticamente.<\/p>\n<p style=\"text-align: justify;\"><strong>Hern\u00e1n \u00c1lvarez<\/strong>, Jefe Provincial de Educaci\u00f3n se\u00f1alo en su discurso a los presentes sus m\u00e1s sinceras felicitaciones al municipio liderado por su alcalde Pedros Inostroza Valenzuela, a sus concejales, a la Jefa Daem, a los docentes, padres, apoderados y alumnos por esta hermosa muestra educacional donde los ni\u00f1os, ni\u00f1as y j\u00f3venes de las diferentes escuelas p\u00fablicas municipalizadas han expuesto su quehacer, sus habilidades y talentos, destacando la presentaci\u00f3n artististica que realizaron alumnos donde se incluy\u00f3 al pueblo mapuche.<\/p>\n<p style=\"text-align: justify;\">Finalmente esto se enmarca en una campa\u00f1a a nivel nacional de difusi\u00f3n de la Reforma Educacional: sus alcances, sus objetivos, sus avances, y de las cosas que nos proponemos hacer, a lo largo y ancho del pa\u00eds para dar una mejor calidad de educaci\u00f3n destaco Hern\u00e1n \u00c1lvarez.<\/p>\n<p style=\"text-align: justify;\">Finalmente el alcalde <strong>Pedro Inostroza Valenzuela <\/strong>destac\u00f3 que Yungay estuvo de fiesta, porque es la primera feria de la educaci\u00f3n p\u00fablica que se realiza en la provincia, se\u00f1alo sentirse muy contento y orgulloso de nuestros j\u00f3venes por las diferentes actividades y talleres que se realizan en cada una de las escuelas p\u00fablicas de nuestra comuna y finalmente felicit\u00f3 a la Jefa DAEM y a todo su equipo por la organizaci\u00f3n de esta gran feria p\u00fablica y reiter\u00f3 sus felicitaciones a cada uno de los stands, de las escuelas rurales, de los Liceos y el trabajo que est\u00e1 realizando en la educaci\u00f3n por parte de todos los profesores y profesionales para dar una educaci\u00f3n de calidad a nuestro j\u00f3venes de la comuna, aprovechando todas la herramientas y tecnolog\u00eda que hoy existen y que el gobierno esta apoyando.<\/p>\n<p style=\"text-align: justify;\">[su_button url=\u00bbhttps:\/\/www.facebook.com\/media\/set\/?set=a.1337791959569173.1073742864.159561284058919&amp;type=1&amp;l=5e4f873518&#8243; target=\u00bbblank\u00bb size=\u00bb7&#8243; radius=\u00bbround\u00bb icon=\u00bbicon: facebook-square\u00bb]FOTOGRAF\u00cdAS &#8211; Yungay Realiz\u00f3 la \u201cPrimera Feria de la Educaci\u00f3n P\u00fablica\u201d[\/su_button]<\/p>\n","protected":false},"excerpt":{"rendered":"<p>Yungay, lunes 04 de julio 2016: El pasado s\u00e1bado 02 de julio Yungay fue sede de la \u201cPrimera Feria de la Educaci\u00f3n P\u00fablica\u201d que se ha organizado en la provincia, la cual contemplo una&#46;&#46;&#46;<\/p>\n","protected":false},"author":2,"featured_media":16832,"comment_status":"open","ping_status":"open","sticky":false,"template":"","format":"standard","meta":{"footnotes":""},"categories":[5,1],"tags":[355,1115,8,6,117],"class_list":["post-16837","post","type-post","status-publish","format-standard","has-post-thumbnail","hentry","category-eventos","category-noticias","tag-daem","tag-noticias","tag-yungay","tag-yungayino","tag-yungayinocl"],"_links":{"self":[{"href":"https:\/\/www.yungayino.cl\/noticias\/index.php?rest_route=\/wp\/v2\/posts\/16837","targetHints":{"allow":["GET"]}}],"collection":[{"href":"https:\/\/www.yungayino.cl\/noticias\/index.php?rest_route=\/wp\/v2\/posts"}],"about":[{"href":"https:\/\/www.yungayino.cl\/noticias\/index.php?rest_route=\/wp\/v2\/types\/post"}],"author":[{"embeddable":true,"href":"https:\/\/www.yungayino.cl\/noticias\/index.php?rest_route=\/wp\/v2\/users\/2"}],"replies":[{"embeddable":true,"href":"https:\/\/www.yungayino.cl\/noticias\/index.php?rest_route=%2Fwp%2Fv2%2Fcomments&post=16837"}],"version-history":[{"count":3,"href":"https:\/\/www.yungayino.cl\/noticias\/index.php?rest_route=\/wp\/v2\/posts\/16837\/revisions"}],"predecessor-version":[{"id":16840,"href":"https:\/\/www.yungayino.cl\/noticias\/index.php?rest_route=\/wp\/v2\/posts\/16837\/revisions\/16840"}],"wp:featuredmedia":[{"embeddable":true,"href":"https:\/\/www.yungayino.cl\/noticias\/index.php?rest_route=\/wp\/v2\/media\/16832"}],"wp:attachment":[{"href":"https:\/\/www.yungayino.cl\/noticias\/index.php?rest_route=%2Fwp%2Fv2%2Fmedia&parent=16837"}],"wp:term":[{"taxonomy":"category","embeddable":true,"href":"https:\/\/www.yungayino.cl\/noticias\/index.php?rest_route=%2Fwp%2Fv2%2Fcategories&post=16837"},{"taxonomy":"post_tag","embeddable":true,"href":"https:\/\/www.yungayino.cl\/noticias\/index.php?rest_route=%2Fwp%2Fv2%2Ftags&post=16837"}],"curies":[{"name":"wp","href":"https:\/\/api.w.org\/{rel}","templated":true}]}}