{"id":16842,"date":"2016-07-05T10:00:19","date_gmt":"2016-07-05T13:00:19","guid":{"rendered":"http:\/\/www.yungayino.cl\/noticias\/?p=16842"},"modified":"2016-07-05T13:41:49","modified_gmt":"2016-07-05T16:41:49","slug":"juzgado-de-garantia-de-yungay-encabezo-reunion-interinstitucional-por-lte","status":"publish","type":"post","link":"https:\/\/www.yungayino.cl\/noticias\/?p=16842","title":{"rendered":"Juzgado de Garant\u00eda de Yungay Encabez\u00f3 Reuni\u00f3n Interinstitucional por LTE"},"content":{"rendered":"<p><img loading=\"lazy\" decoding=\"async\" class=\"alignnone size-full wp-image-16843\" src=\"http:\/\/www.yungayino.cl\/noticias\/wp-content\/uploads\/2016\/07\/juzgado_201607.jpg\" alt=\"juzgado_201607\" width=\"700\" height=\"393\" srcset=\"https:\/\/www.yungayino.cl\/noticias\/wp-content\/uploads\/2016\/07\/juzgado_201607.jpg 700w, https:\/\/www.yungayino.cl\/noticias\/wp-content\/uploads\/2016\/07\/juzgado_201607-300x168.jpg 300w, https:\/\/www.yungayino.cl\/noticias\/wp-content\/uploads\/2016\/07\/juzgado_201607-267x150.jpg 267w\" sizes=\"auto, (max-width: 700px) 100vw, 700px\" \/><\/p>\n<p style=\"text-align: justify;\">Yungay, martes 05 de julio 2016: Resolver diversas interrogantes surgidas tras la puesta en marcha de la ley de tramitaci\u00f3n electr\u00f3nica \u2013<strong>LTE<\/strong>\u2013 fue el objetivo de la reuni\u00f3n organizada por el Juzgado de Garant\u00eda de Yungay en la que participaron diversos organismos p\u00fablicos.<\/p>\n<p style=\"text-align: justify;\"><iframe loading=\"lazy\" src=\"https:\/\/www.facebook.com\/plugins\/post.php?href=https:\/\/www.facebook.com\/media\/set\/?set=a.1338456246169411.1073742865.159561284058919&#038;type=1&#038;l=ded23703c8&#038;l=a77e327dc6&#038;l=f5951f1994&#038;l=bfecbb8adf&#038;l=687b6bf5da&#038;width=500&#038;show_text=true&#038;height=691&#038;appId\" width=\"500\" height=\"691\" style=\"border:none;overflow:hidden\" scrolling=\"no\" frameborder=\"0\" allowTransparency=\"true\"><\/iframe>\n<\/p>\n<p style=\"text-align: justify;\">El encuentro interinstitucional se concret\u00f3 el mi\u00e9rcoles 29 de junio reci\u00e9n pasado, y fue encabezado por la magistrada Mar\u00eda Alejandra Cruz Vial, y el administrador del tribunal, Rodrigo Cuevas Ruiz.<\/p>\n<p style=\"text-align: justify;\">A la cita asistieron representantes del Ministerio P\u00fablico, Defensor\u00eda Penal P\u00fablica, Carabineros de Yungay y de Santa B\u00e1rbara, adem\u00e1s de funcionarios de Gendarmer\u00eda.<\/p>\n<p style=\"text-align: justify;\">Finalmente durante la jornada se analiz\u00f3 la ley y el auto acordado 71-2016, aclarando dudas, principalmente respecto al env\u00edo electr\u00f3nico de documentos.<\/p>\n<p style=\"text-align: justify;\">[su_button url=\u00bbhttps:\/\/www.facebook.com\/media\/set\/?set=a.1338456246169411.1073742865.159561284058919&amp;type=1&amp;l=ded23703c8&#8243; target=\u00bbblank\u00bb size=\u00bb7&#8243; radius=\u00bbround\u00bb icon=\u00bbicon: facebook-square\u00bb]FOTOGRAF\u00cdAS &#8211; Juzgado de Garant\u00eda de Yungay Encabez\u00f3 Reuni\u00f3n Interinstitucional por LTE[\/su_button]<\/p>\n","protected":false},"excerpt":{"rendered":"<p>Yungay, martes 05 de julio 2016: Resolver diversas interrogantes surgidas tras la puesta en marcha de la ley de tramitaci\u00f3n electr\u00f3nica \u2013LTE\u2013 fue el objetivo de la reuni\u00f3n organizada por el Juzgado de Garant\u00eda&#46;&#46;&#46;<\/p>\n","protected":false},"author":2,"featured_media":16843,"comment_status":"open","ping_status":"open","sticky":false,"template":"","format":"standard","meta":{"footnotes":""},"categories":[3,1],"tags":[1379,1115,8,6,117],"class_list":["post-16842","post","type-post","status-publish","format-standard","has-post-thumbnail","hentry","category-actualidad","category-noticias","tag-juzgado","tag-noticias","tag-yungay","tag-yungayino","tag-yungayinocl"],"_links":{"self":[{"href":"https:\/\/www.yungayino.cl\/noticias\/index.php?rest_route=\/wp\/v2\/posts\/16842","targetHints":{"allow":["GET"]}}],"collection":[{"href":"https:\/\/www.yungayino.cl\/noticias\/index.php?rest_route=\/wp\/v2\/posts"}],"about":[{"href":"https:\/\/www.yungayino.cl\/noticias\/index.php?rest_route=\/wp\/v2\/types\/post"}],"author":[{"embeddable":true,"href":"https:\/\/www.yungayino.cl\/noticias\/index.php?rest_route=\/wp\/v2\/users\/2"}],"replies":[{"embeddable":true,"href":"https:\/\/www.yungayino.cl\/noticias\/index.php?rest_route=%2Fwp%2Fv2%2Fcomments&post=16842"}],"version-history":[{"count":3,"href":"https:\/\/www.yungayino.cl\/noticias\/index.php?rest_route=\/wp\/v2\/posts\/16842\/revisions"}],"predecessor-version":[{"id":16846,"href":"https:\/\/www.yungayino.cl\/noticias\/index.php?rest_route=\/wp\/v2\/posts\/16842\/revisions\/16846"}],"wp:featuredmedia":[{"embeddable":true,"href":"https:\/\/www.yungayino.cl\/noticias\/index.php?rest_route=\/wp\/v2\/media\/16843"}],"wp:attachment":[{"href":"https:\/\/www.yungayino.cl\/noticias\/index.php?rest_route=%2Fwp%2Fv2%2Fmedia&parent=16842"}],"wp:term":[{"taxonomy":"category","embeddable":true,"href":"https:\/\/www.yungayino.cl\/noticias\/index.php?rest_route=%2Fwp%2Fv2%2Fcategories&post=16842"},{"taxonomy":"post_tag","embeddable":true,"href":"https:\/\/www.yungayino.cl\/noticias\/index.php?rest_route=%2Fwp%2Fv2%2Ftags&post=16842"}],"curies":[{"name":"wp","href":"https:\/\/api.w.org\/{rel}","templated":true}]}}