{"id":16847,"date":"2016-07-05T20:00:17","date_gmt":"2016-07-05T23:00:17","guid":{"rendered":"http:\/\/www.yungayino.cl\/noticias\/?p=16847"},"modified":"2016-07-05T23:29:26","modified_gmt":"2016-07-06T02:29:26","slug":"carabineros-cuenta-con-la-primera-escuela-de-suboficiales-de-regiones-emplazada-en-concepcion","status":"publish","type":"post","link":"https:\/\/www.yungayino.cl\/noticias\/?p=16847","title":{"rendered":"Carabineros Cuenta con la Primera Escuela de Suboficiales de Regiones Emplazada en Concepci\u00f3n"},"content":{"rendered":"<p style=\"text-align: justify;\"><img loading=\"lazy\" decoding=\"async\" class=\"alignnone size-full wp-image-16848\" src=\"http:\/\/www.yungayino.cl\/noticias\/wp-content\/uploads\/2016\/07\/escuela_suboficiales_concepcion.jpg\" alt=\"escuela_suboficiales_concepcion\" width=\"700\" height=\"350\" srcset=\"https:\/\/www.yungayino.cl\/noticias\/wp-content\/uploads\/2016\/07\/escuela_suboficiales_concepcion.jpg 700w, https:\/\/www.yungayino.cl\/noticias\/wp-content\/uploads\/2016\/07\/escuela_suboficiales_concepcion-300x150.jpg 300w\" sizes=\"auto, (max-width: 700px) 100vw, 700px\" \/><\/p>\n<p style=\"text-align: justify;\">Concepci\u00f3n, martes 05 de julio 2016: Con la presencia del General Director de Carabineros, Bruno Villalobos Krumm, se efectu\u00f3 la ceremonia de inauguraci\u00f3n de la nueva Escuela de Suboficiales de Carabineros \u201cESUCAR Grupo Concepci\u00f3n\u201d.<\/p>\n<p style=\"text-align: justify;\"><iframe loading=\"lazy\" src=\"https:\/\/www.facebook.com\/plugins\/post.php?href=https:\/\/www.facebook.com\/media\/set\/?set=a.1338727106142325.1073742866.159561284058919&#038;type=1&#038;l=0ce2bc3719&#038;l=a77e327dc6&#038;l=f5951f1994&#038;l=bfecbb8adf&#038;l=687b6bf5da&#038;width=500&#038;show_text=true&#038;height=691&#038;appId\" width=\"500\" height=\"691\" style=\"border:none;overflow:hidden\" scrolling=\"no\" frameborder=\"0\" allowTransparency=\"true\"><\/iframe>\n<\/p>\n<p style=\"text-align: justify;\">El nuevo recinto educacional es el primero instalado en regiones y permitir\u00e1 que 450 Carabineros de todo el pa\u00eds, puedan continuar con su educaci\u00f3n y perfeccionamiento institucional en un lugar que cuenta con todo lo necesario para brindarles un proceso educativo de calidad.<\/p>\n<p style=\"text-align: justify;\">Adem\u00e1s de la construcci\u00f3n de nuevas salas de clases y la remodelaci\u00f3n de diversas \u00e1reas verdes del Complejo Lomas Verdes, la creaci\u00f3n de la Escuela de Suboficiales Concepci\u00f3n implica la utilizaci\u00f3n de un estadio de f\u00fatbol con pista atl\u00e9tica, de una pista de obst\u00e1culos de entrenamiento policial, del Centro de Operaciones Policiales y su pol\u00edgono de tiros de realidad virtual y adem\u00e1s fosa de tiro real, de una piscina semi ol\u00edmpica, gimnasio multiuso, senderos de trekking y de diversas \u00e1reas verdes para un mejor entrenamiento del personal policial.<\/p>\n<p style=\"text-align: justify;\">La inversi\u00f3n fue realizada con fondos institucionales que permitieron concretar la creaci\u00f3n de este recinto en 3 meses. Es as\u00ed como la edificaci\u00f3n de las nuevas salas y remodelaci\u00f3n de \u00e1reas verdes comenzaron a concretarse en marzo de este a\u00f1o y a partir de hoy ya cuenta con todas las condiciones para recibir a la primera promoci\u00f3n de alumnos conformada por 150 Carabineros.<\/p>\n<p style=\"text-align: justify;\">Al respecto el Jefe de la Octava Zona de Carabineros Biob\u00edo, General Hermes Soto Isla, resalt\u00f3 que es un hito hist\u00f3rico haber descentralizado la educaci\u00f3n de nuestro personal hacia la Regi\u00f3n del Biob\u00edo y particularmente permitir que los Carabineros, con 10 a\u00f1os de carrera, puedan optar a su segunda etapa de educaci\u00f3n que les permite llegar al grado m\u00e1ximo de Suboficial Mayor. A\u00f1adi\u00f3 que \u201ces un orgullo para la instituci\u00f3n tener un nuevo plantel educacional en el sur del pa\u00eds y para m\u00ed como Jefe de Zona es un orgullo tenerlo en la ciudad de Concepci\u00f3n\u201d.<\/p>\n<p style=\"text-align: justify;\">Por su parte el intendente Rodrigo D\u00edaz se\u00f1al\u00f3 que \u201ceste grupo de instrucci\u00f3n refuerza la presencia de Carabineros en la regi\u00f3n\u00a0 y trae a una cantidad importante de suboficiales que est\u00e1n postulando a suboficiales mayores, ya que en caso de tener necesidad en alg\u00fan tipo de evento como por ejemplo los que se realizan a fin de a\u00f1o, vamos a contar con un refuerzo de polic\u00edas\u201d<\/p>\n<p style=\"text-align: justify;\">El plantel acad\u00e9mico est\u00e1 conformado por profesores de alto prestigio profesional de la Regi\u00f3n del Biob\u00edo.<\/p>\n<p style=\"text-align: justify;\">La relevancia de contar con la nueva \u201cEsucar Concepci\u00f3n\u201d recae en la posibilidad que ahora tienen 450 Carabineros en el pa\u00eds de acceder a perfeccionamiento, adicionales a los que postulaban cada a\u00f1o a la Escuela de Suboficiales de Santiago, contribuyendo as\u00ed al progreso y profesionalismo de Carabineros de Chile en beneficio de la seguridad y el orden p\u00fablico de nuestro pa\u00eds.<\/p>\n<p style=\"text-align: justify;\">[su_button url=\u00bbhttps:\/\/www.facebook.com\/media\/set\/?set=a.1338727106142325.1073742866.159561284058919&amp;type=1&amp;l=0ce2bc3719&#8243; target=\u00bbblank\u00bb size=\u00bb7&#8243; radius=\u00bbround\u00bb icon=\u00bbicon: facebook-square\u00bb]FOTOGRAF\u00cdAS &#8211; Carabineros Cuenta con la Primera Escuela de Suboficiales de Regiones Emplazada en Concepci\u00f3n[\/su_button]<\/p>\n","protected":false},"excerpt":{"rendered":"<p>Concepci\u00f3n, martes 05 de julio 2016: Con la presencia del General Director de Carabineros, Bruno Villalobos Krumm, se efectu\u00f3 la ceremonia de inauguraci\u00f3n de la nueva Escuela de Suboficiales de Carabineros \u201cESUCAR Grupo Concepci\u00f3n\u201d.&#46;&#46;&#46;<\/p>\n","protected":false},"author":2,"featured_media":16848,"comment_status":"open","ping_status":"open","sticky":false,"template":"","format":"standard","meta":{"footnotes":""},"categories":[3,1],"tags":[25,1380,1381,6,117],"class_list":["post-16847","post","type-post","status-publish","format-standard","has-post-thumbnail","hentry","category-actualidad","category-noticias","tag-carabineros","tag-concepcion","tag-escuela-suboficiales","tag-yungayino","tag-yungayinocl"],"_links":{"self":[{"href":"https:\/\/www.yungayino.cl\/noticias\/index.php?rest_route=\/wp\/v2\/posts\/16847","targetHints":{"allow":["GET"]}}],"collection":[{"href":"https:\/\/www.yungayino.cl\/noticias\/index.php?rest_route=\/wp\/v2\/posts"}],"about":[{"href":"https:\/\/www.yungayino.cl\/noticias\/index.php?rest_route=\/wp\/v2\/types\/post"}],"author":[{"embeddable":true,"href":"https:\/\/www.yungayino.cl\/noticias\/index.php?rest_route=\/wp\/v2\/users\/2"}],"replies":[{"embeddable":true,"href":"https:\/\/www.yungayino.cl\/noticias\/index.php?rest_route=%2Fwp%2Fv2%2Fcomments&post=16847"}],"version-history":[{"count":3,"href":"https:\/\/www.yungayino.cl\/noticias\/index.php?rest_route=\/wp\/v2\/posts\/16847\/revisions"}],"predecessor-version":[{"id":16852,"href":"https:\/\/www.yungayino.cl\/noticias\/index.php?rest_route=\/wp\/v2\/posts\/16847\/revisions\/16852"}],"wp:featuredmedia":[{"embeddable":true,"href":"https:\/\/www.yungayino.cl\/noticias\/index.php?rest_route=\/wp\/v2\/media\/16848"}],"wp:attachment":[{"href":"https:\/\/www.yungayino.cl\/noticias\/index.php?rest_route=%2Fwp%2Fv2%2Fmedia&parent=16847"}],"wp:term":[{"taxonomy":"category","embeddable":true,"href":"https:\/\/www.yungayino.cl\/noticias\/index.php?rest_route=%2Fwp%2Fv2%2Fcategories&post=16847"},{"taxonomy":"post_tag","embeddable":true,"href":"https:\/\/www.yungayino.cl\/noticias\/index.php?rest_route=%2Fwp%2Fv2%2Ftags&post=16847"}],"curies":[{"name":"wp","href":"https:\/\/api.w.org\/{rel}","templated":true}]}}