{"id":16857,"date":"2016-07-09T19:00:47","date_gmt":"2016-07-09T22:00:47","guid":{"rendered":"http:\/\/www.yungayino.cl\/noticias\/?p=16857"},"modified":"2016-07-09T20:15:56","modified_gmt":"2016-07-09T23:15:56","slug":"biblioteca-de-yungay-invita-a-participar-de-actividades-en-vacaciones-de-invierno","status":"publish","type":"post","link":"https:\/\/www.yungayino.cl\/noticias\/?p=16857","title":{"rendered":"Biblioteca de Yungay Invita a Participar de Actividades en Vacaciones de Invierno"},"content":{"rendered":"<p><img loading=\"lazy\" decoding=\"async\" class=\"alignnone size-full wp-image-16858\" src=\"http:\/\/www.yungayino.cl\/noticias\/wp-content\/uploads\/2016\/07\/biblioteca_vacaciones_invierno_2016.jpg\" alt=\"biblioteca_vacaciones_invierno_2016\" width=\"700\" height=\"393\" srcset=\"https:\/\/www.yungayino.cl\/noticias\/wp-content\/uploads\/2016\/07\/biblioteca_vacaciones_invierno_2016.jpg 700w, https:\/\/www.yungayino.cl\/noticias\/wp-content\/uploads\/2016\/07\/biblioteca_vacaciones_invierno_2016-300x168.jpg 300w, https:\/\/www.yungayino.cl\/noticias\/wp-content\/uploads\/2016\/07\/biblioteca_vacaciones_invierno_2016-267x150.jpg 267w\" sizes=\"auto, (max-width: 700px) 100vw, 700px\" \/><\/p>\n<p style=\"text-align: justify;\">Yungay, s\u00e1bado 9 de julio 2016: La Biblioteca\u00a0P\u00fablica de Yungay ofrece m\u00faltiples opciones para los que deciden quedarse en yungay. Pel\u00edculas infantiles &#8211; juveniles,\u00a0 talleres, tarde de juegos y cuentacuentos, son algunos de los panoramas gratuitos que ofrecer\u00e1n en la biblioteca.<\/p>\n<p style=\"text-align: justify;\"><iframe loading=\"lazy\" src=\"https:\/\/www.facebook.com\/plugins\/post.php?href=https:\/\/www.facebook.com\/media\/set\/?set=a.1343447062336996.1073742868.159561284058919&#038;type=1&#038;l=82b58fd42d&#038;l=a77e327dc6&#038;l=f5951f1994&#038;l=bfecbb8adf&#038;l=687b6bf5da&#038;width=500&#038;show_text=true&#038;height=691&#038;appId\" width=\"500\" height=\"691\" style=\"border:none;overflow:hidden\" scrolling=\"no\" frameborder=\"0\" allowTransparency=\"true\"><\/iframe><\/p>\n<p style=\"text-align: justify;\">Ya los alumnos est\u00e1n en vacaciones de invierno y con ellas dos semanas para descansar y compartir en familia, por ello se ha creado una cartelera que encantar\u00e1 a grandes y a chicos, dando la posibilidad de refugiarse del fr\u00edo y compartir un grato momento.<\/p>\n<p style=\"text-align: justify;\">Todos invitados a inscribirse para poder participar de los talleres llamando al 0422205671 o directamente en recepci\u00f3n de la Biblioteca. As\u00ed inform\u00f3 Paulina \u00c1vila Pinto, Jefa Biblioteca P\u00fablica N\u00b064, \u00abOreste Montero\u00bb,\u00a0Yungay.<\/p>\n<p style=\"text-align: justify;\">[su_button url=\u00bbhttps:\/\/www.facebook.com\/media\/set\/?set=a.1343447062336996.1073742868.159561284058919&amp;type=1&amp;l=82b58fd42d\u00bb target=\u00bbblank\u00bb size=\u00bb7&#8243; radius=\u00bbround\u00bb icon=\u00bbicon: facebook-square\u00bb]FOTOGRAF\u00cdAS &#8211; Biblioteca de Yungay Invita a Participar de Actividades en Vacaciones de Invierno[\/su_button]<\/p>\n<p>&nbsp;<\/p>\n","protected":false},"excerpt":{"rendered":"<p>Yungay, s\u00e1bado 9 de julio 2016: La Biblioteca\u00a0P\u00fablica de Yungay ofrece m\u00faltiples opciones para los que deciden quedarse en yungay. Pel\u00edculas infantiles &#8211; juveniles,\u00a0 talleres, tarde de juegos y cuentacuentos, son algunos de los&#46;&#46;&#46;<\/p>\n","protected":false},"author":2,"featured_media":16858,"comment_status":"open","ping_status":"open","sticky":false,"template":"","format":"standard","meta":{"footnotes":""},"categories":[5,1],"tags":[453,1115,716,8,6,117],"class_list":["post-16857","post","type-post","status-publish","format-standard","has-post-thumbnail","hentry","category-eventos","category-noticias","tag-biblioteca-yungay","tag-noticias","tag-vacaciones-invierno","tag-yungay","tag-yungayino","tag-yungayinocl"],"_links":{"self":[{"href":"https:\/\/www.yungayino.cl\/noticias\/index.php?rest_route=\/wp\/v2\/posts\/16857","targetHints":{"allow":["GET"]}}],"collection":[{"href":"https:\/\/www.yungayino.cl\/noticias\/index.php?rest_route=\/wp\/v2\/posts"}],"about":[{"href":"https:\/\/www.yungayino.cl\/noticias\/index.php?rest_route=\/wp\/v2\/types\/post"}],"author":[{"embeddable":true,"href":"https:\/\/www.yungayino.cl\/noticias\/index.php?rest_route=\/wp\/v2\/users\/2"}],"replies":[{"embeddable":true,"href":"https:\/\/www.yungayino.cl\/noticias\/index.php?rest_route=%2Fwp%2Fv2%2Fcomments&post=16857"}],"version-history":[{"count":3,"href":"https:\/\/www.yungayino.cl\/noticias\/index.php?rest_route=\/wp\/v2\/posts\/16857\/revisions"}],"predecessor-version":[{"id":16861,"href":"https:\/\/www.yungayino.cl\/noticias\/index.php?rest_route=\/wp\/v2\/posts\/16857\/revisions\/16861"}],"wp:featuredmedia":[{"embeddable":true,"href":"https:\/\/www.yungayino.cl\/noticias\/index.php?rest_route=\/wp\/v2\/media\/16858"}],"wp:attachment":[{"href":"https:\/\/www.yungayino.cl\/noticias\/index.php?rest_route=%2Fwp%2Fv2%2Fmedia&parent=16857"}],"wp:term":[{"taxonomy":"category","embeddable":true,"href":"https:\/\/www.yungayino.cl\/noticias\/index.php?rest_route=%2Fwp%2Fv2%2Fcategories&post=16857"},{"taxonomy":"post_tag","embeddable":true,"href":"https:\/\/www.yungayino.cl\/noticias\/index.php?rest_route=%2Fwp%2Fv2%2Ftags&post=16857"}],"curies":[{"name":"wp","href":"https:\/\/api.w.org\/{rel}","templated":true}]}}