{"id":16883,"date":"2016-07-21T19:00:56","date_gmt":"2016-07-21T22:00:56","guid":{"rendered":"http:\/\/www.yungayino.cl\/noticias\/?p=16883"},"modified":"2016-07-21T21:24:48","modified_gmt":"2016-07-22T00:24:48","slug":"seremi-de-educacion-e-indap-promueven-trabajo-de-los-jovenes-en-el-campo","status":"publish","type":"post","link":"https:\/\/www.yungayino.cl\/noticias\/?p=16883","title":{"rendered":"Seremi de Educaci\u00f3n e INDAP Promueven Trabajo de los J\u00f3venes en el Campo"},"content":{"rendered":"<p><img loading=\"lazy\" decoding=\"async\" class=\"alignnone size-full wp-image-16884\" src=\"http:\/\/www.yungayino.cl\/noticias\/wp-content\/uploads\/2016\/07\/indap_seremi_20160721.jpg\" alt=\"indap_seremi_20160721\" width=\"700\" height=\"366\" srcset=\"https:\/\/www.yungayino.cl\/noticias\/wp-content\/uploads\/2016\/07\/indap_seremi_20160721.jpg 700w, https:\/\/www.yungayino.cl\/noticias\/wp-content\/uploads\/2016\/07\/indap_seremi_20160721-300x157.jpg 300w, https:\/\/www.yungayino.cl\/noticias\/wp-content\/uploads\/2016\/07\/indap_seremi_20160721-287x150.jpg 287w\" sizes=\"auto, (max-width: 700px) 100vw, 700px\" \/><\/p>\n<p style=\"text-align: justify;\">Yungay, jueves 21 de julio 2016: Bajo el alero del convenio firmado entre INDAP Biob\u00edo y la Seremi de Educaci\u00f3n, un grupo de nueve j\u00f3venes estudiantes de liceos t\u00e9cnicos agr\u00edcolas de la regi\u00f3n, que en el per\u00edodo 2014\u20132015 tuvieron la posibilidad de trabajar y estudiar por un a\u00f1o en Nueva Zelanda, se reunieron con profesionales de INDAP y de la Seremi de Educaci\u00f3n para traspasar experiencias y conocimientos adquiridos durante su pasant\u00eda.<\/p>\n<p style=\"text-align: justify;\">Para el Director Regional de INDAP, Andr\u00e9s Castillo, esta instancia refleja la priorizaci\u00f3n que el Ministerio de Agricultura le ha dado al rejuvenecimiento del campo, expresando que \u201cnos interesa mucho la visi\u00f3n que ellos traen, c\u00f3mo la recogieron y como hoy d\u00eda, desde la juventud, miran el quehacer del mundo agrario y espec\u00edficamente de la Agricultura Familiar Campesina. Que los j\u00f3venes se queden en el campo para emprender por un mundo mejor, es tarea fundamental para el Gobierno\u201d. Agreg\u00f3 que \u201cles ofrecemos facilidades para irradiar los sectores donde ellos habitan, con otros agricultores, para transformarse en foco de innovaci\u00f3n, faroles de conocimiento y empuje desde la juventud para nuestro pa\u00eds\u201d.<\/p>\n<p style=\"text-align: justify;\"><strong>Jocelyn Gonz\u00e1lez, estudiante de Yungay<\/strong>, quien desde su regreso ha podido ense\u00f1arle a su familia otros modos de producir, dijo que \u201cnosotros los j\u00f3venes tenemos la capacidad y la visi\u00f3n externa de c\u00f3mo hacer las cosas. Estoy dispuesta a ayudar y siempre hay personas que la necesitan, requieren que uno les diga las cosas que no se le dice ac\u00e1 en Chile, que tengan m\u00e1s iniciativa, m\u00e1s apoyo y m\u00e1s herramientas en los conocimientos t\u00e9cnicos. No s\u00f3lo teor\u00eda, sino tambi\u00e9n pr\u00e1ctica\u201d.<\/p>\n<p style=\"text-align: justify;\">El Seremi de Educaci\u00f3n (s) Francisco Reyes, destac\u00f3 la importancia de intercambiar experiencias, \u00abcomo Ministerio de Educaci\u00f3n sabemos que es importante conocer en primer relato las experiencias de otros pa\u00edses, porque permite tener un complemento ideal para la formaci\u00f3n acad\u00e9mica. No solo permite descubrir el trabajo de un profesional sino tambi\u00e9n incorporar h\u00e1bitos y nuevos procesos de aprendizaje, lo cual es altamente valorado. Es por eso que uno de los ejes de la Reforma Educacional es la formaci\u00f3n t\u00e9cnica y una herramienta para fortalecer la formaci\u00f3n es que nuestros estudiantes puedan adquirir otras experiencias\u00bb.<\/p>\n<p style=\"text-align: justify;\">Johana Lastra, del Liceo Agr\u00edcola de Cato, agradeci\u00f3 la oportunidad de reunirse con los profesionales que trabajan junto a los peque\u00f1os agricultores y que est\u00e1n dispuestos a escuchar y conocer las experiencias vividas en el extranjero: \u201cson oportunidades que venimos buscando hace mucho tiempo, son puertas que se abren para marcar historia de lo que nosotros hemos aprendido y lo que traemos desde esa pasant\u00eda en Nueva Zelanda\u201d.<\/p>\n<p style=\"text-align: justify;\">Para Roberto Senn, de San Carlos, la posibilidad de conocer otros m\u00e9todos de producci\u00f3n permitir\u00e1 mejorar la los cultivos e impulsar\u00e1 el trabajo en el campo, \u201cla idea es hacerlo con otra tecnolog\u00eda, no del modo tradicional que viven nuestros padres y abuelos. La idea es hacer algo nuevo, cuidando el medio ambiente y la tierra\u201d.<\/p>\n","protected":false},"excerpt":{"rendered":"<p>Yungay, jueves 21 de julio 2016: Bajo el alero del convenio firmado entre INDAP Biob\u00edo y la Seremi de Educaci\u00f3n, un grupo de nueve j\u00f3venes estudiantes de liceos t\u00e9cnicos agr\u00edcolas de la regi\u00f3n, que&#46;&#46;&#46;<\/p>\n","protected":false},"author":2,"featured_media":16884,"comment_status":"open","ping_status":"open","sticky":false,"template":"","format":"standard","meta":{"footnotes":""},"categories":[1],"tags":[140,1115,1385,8,6,117],"class_list":["post-16883","post","type-post","status-publish","format-standard","has-post-thumbnail","hentry","category-noticias","tag-indap","tag-noticias","tag-seremi-de-educacion","tag-yungay","tag-yungayino","tag-yungayinocl"],"_links":{"self":[{"href":"https:\/\/www.yungayino.cl\/noticias\/index.php?rest_route=\/wp\/v2\/posts\/16883","targetHints":{"allow":["GET"]}}],"collection":[{"href":"https:\/\/www.yungayino.cl\/noticias\/index.php?rest_route=\/wp\/v2\/posts"}],"about":[{"href":"https:\/\/www.yungayino.cl\/noticias\/index.php?rest_route=\/wp\/v2\/types\/post"}],"author":[{"embeddable":true,"href":"https:\/\/www.yungayino.cl\/noticias\/index.php?rest_route=\/wp\/v2\/users\/2"}],"replies":[{"embeddable":true,"href":"https:\/\/www.yungayino.cl\/noticias\/index.php?rest_route=%2Fwp%2Fv2%2Fcomments&post=16883"}],"version-history":[{"count":1,"href":"https:\/\/www.yungayino.cl\/noticias\/index.php?rest_route=\/wp\/v2\/posts\/16883\/revisions"}],"predecessor-version":[{"id":16886,"href":"https:\/\/www.yungayino.cl\/noticias\/index.php?rest_route=\/wp\/v2\/posts\/16883\/revisions\/16886"}],"wp:featuredmedia":[{"embeddable":true,"href":"https:\/\/www.yungayino.cl\/noticias\/index.php?rest_route=\/wp\/v2\/media\/16884"}],"wp:attachment":[{"href":"https:\/\/www.yungayino.cl\/noticias\/index.php?rest_route=%2Fwp%2Fv2%2Fmedia&parent=16883"}],"wp:term":[{"taxonomy":"category","embeddable":true,"href":"https:\/\/www.yungayino.cl\/noticias\/index.php?rest_route=%2Fwp%2Fv2%2Fcategories&post=16883"},{"taxonomy":"post_tag","embeddable":true,"href":"https:\/\/www.yungayino.cl\/noticias\/index.php?rest_route=%2Fwp%2Fv2%2Ftags&post=16883"}],"curies":[{"name":"wp","href":"https:\/\/api.w.org\/{rel}","templated":true}]}}