{"id":16900,"date":"2016-07-24T20:00:49","date_gmt":"2016-07-24T23:00:49","guid":{"rendered":"http:\/\/www.yungayino.cl\/noticias\/?p=16900"},"modified":"2016-07-25T20:08:10","modified_gmt":"2016-07-25T23:08:10","slug":"encuentro-reunio-a-encargados-de-biblioteca-y-bibliomovil-de-18-comunas","status":"publish","type":"post","link":"https:\/\/www.yungayino.cl\/noticias\/?p=16900","title":{"rendered":"Encuentro Reuni\u00f3 a Encargados de Biblioteca y Bibliom\u00f3vil de 18 Comunas"},"content":{"rendered":"<p><img loading=\"lazy\" decoding=\"async\" class=\"alignnone size-full wp-image-16894\" src=\"http:\/\/www.yungayino.cl\/noticias\/wp-content\/uploads\/2016\/07\/biblioteca_20160725.jpg\" alt=\"biblioteca_20160725\" width=\"700\" height=\"350\" srcset=\"https:\/\/www.yungayino.cl\/noticias\/wp-content\/uploads\/2016\/07\/biblioteca_20160725.jpg 700w, https:\/\/www.yungayino.cl\/noticias\/wp-content\/uploads\/2016\/07\/biblioteca_20160725-300x150.jpg 300w\" sizes=\"auto, (max-width: 700px) 100vw, 700px\" \/><\/p>\n<p style=\"text-align: justify;\">Yungay, domingo 24 de julio 2016: El \u201c<strong>II<\/strong><strong> Encuentro Interregional de Fomento Lector\u201d<\/strong> organizado por Fundaci\u00f3n Educacional Arauco, reuni\u00f3 a los encargados de bibliotecas y bibliom\u00f3viles de diversas comunas de las regiones de Maule, B\u00edo B\u00edo y Los R\u00edos, con el fin de generar una red que les permita compartir aprendizajes y promover el intercambio de buenas pr\u00e1cticas de mediaci\u00f3n orientadas al fomento lector.<\/p>\n<p style=\"text-align: justify;\"><strong>Alejandra Torretti<\/strong>, Directora T\u00e9cnica de Fundaci\u00f3n Educacional Arauco y encargada de este proyecto, destac\u00f3 la importancia de este encuentro cuyo objetivo es<em> \u201c<\/em>transferir herramientas e instrumentos que contribuyan al mejoramiento de las competencias para el dise\u00f1o y ejecuci\u00f3n de proyectos culturales desde la perspectiva del mejoramiento de las pr\u00e1cticas y procesos creativos y organizacionales en el \u00e1mbito cultural\u201d<em>. <\/em><\/p>\n<p style=\"text-align: justify;\">La actividad cont\u00f3 con la participaci\u00f3n de Roberto Guerra, gestor cultural con amplia experiencia en las tem\u00e1ticas de cultura, redes y trabajo comunitario en sectores populares y en el dise\u00f1o e implementaci\u00f3n de proyectos culturales en el \u00e1mbito nacional e internacional.<\/p>\n<p style=\"text-align: justify;\"><strong>Fomento Lector<\/strong><\/p>\n<p style=\"text-align: justify;\">Porque leer est\u00e1 a la base del desarrollo del lenguaje, conocimientos y la capacidad para expresar ideas, estimular nuestra imaginaci\u00f3n y creatividad, desde el a\u00f1o 2005 a la fecha, ARAUCO a trav\u00e9s de su Fundaci\u00f3n Educacional ha trabajado en el desarrollo de iniciativas de fomento lector. Entre ellas la implementaci\u00f3n de programas escolares, bibliom\u00f3viles, bibliotecas y centros culturales en las comunas de las regiones donde la empresa tiene presencia industrial y forestal.<\/p>\n<p style=\"text-align: justify;\">Como una forma de favorecer la sustentabilidad de estas experiencias nace el programa \u201cTransversal de Fomento Lector\u201d que involucra a las comunas de Teno, Licant\u00e9n y Constituci\u00f3n en la regi\u00f3n del Maule; Ca\u00f1ete, Contulmo, Curanilahue, Lebu, Los \u00c1lamos, Coelemu, Ninhue, Portezuelo, Quill\u00f3n, Quirihue, San Nicol\u00e1s y <strong>Yungay<\/strong> en la regi\u00f3n de B\u00edo B\u00edo; y Lanco, M\u00e1rfil y Mariquina en la regi\u00f3n de Los R\u00edos.<\/p>\n<p style=\"text-align: justify;\">El programa \u201cTransversal de Fomento Lector\u201d, que tiene una duraci\u00f3n de tres a\u00f1os, contempla actividades semestrales, como reuniones de encargados a nivel comunal y regional, y anuales como reuniones con autoridades comunales y encuentros de todos los encargados de las 18 comunas de las 3 regiones participantes.<\/p>\n<p style=\"text-align: justify;\"><strong>\u00a0<\/strong><\/p>\n<p style=\"text-align: justify;\"><strong>RECUADRO: 11 a\u00f1os Fomentando la Lectura en el Sur de Chile<\/strong><\/p>\n<p style=\"text-align: justify;\">Camiones, camionetas, autos, avionetas o lanchas son algunos de los veh\u00edculos itinerantes especialmente acondicionados para llegar a comunidades de zonas extremas, rurales o con escasos recursos para ofrecer los servicios de biblioteca p\u00fablica. Se trata de la Red de Bibliom\u00f3viles de Chile, en la cual la Fundaci\u00f3n Educacional Arauco participa activamente hace m\u00e1s de una d\u00e9cada, con el objetivo de fomentar la lectura en los ni\u00f1os de las comunas m\u00e1s vulnerables de nuestro pa\u00eds. Desde entonces la colaboraci\u00f3n de la Fundaci\u00f3n se ha quintuplicado, hoy son 18 las comunas de las regiones de Maule, B\u00edo B\u00edo y Los R\u00edos en la que est\u00e1 presente beneficiando a profesores, apoderados, alumnos de todas las edad y comunidad en general de estas zonas del sur de nuestro pa\u00eds.<\/p>\n","protected":false},"excerpt":{"rendered":"<p>Yungay, domingo 24 de julio 2016: El \u201cII Encuentro Interregional de Fomento Lector\u201d organizado por Fundaci\u00f3n Educacional Arauco, reuni\u00f3 a los encargados de bibliotecas y bibliom\u00f3viles de diversas comunas de las regiones de Maule,&#46;&#46;&#46;<\/p>\n","protected":false},"author":2,"featured_media":16894,"comment_status":"open","ping_status":"open","sticky":false,"template":"","format":"standard","meta":{"footnotes":""},"categories":[1],"tags":[453,1115,8,6,117],"class_list":["post-16900","post","type-post","status-publish","format-standard","has-post-thumbnail","hentry","category-noticias","tag-biblioteca-yungay","tag-noticias","tag-yungay","tag-yungayino","tag-yungayinocl"],"_links":{"self":[{"href":"https:\/\/www.yungayino.cl\/noticias\/index.php?rest_route=\/wp\/v2\/posts\/16900","targetHints":{"allow":["GET"]}}],"collection":[{"href":"https:\/\/www.yungayino.cl\/noticias\/index.php?rest_route=\/wp\/v2\/posts"}],"about":[{"href":"https:\/\/www.yungayino.cl\/noticias\/index.php?rest_route=\/wp\/v2\/types\/post"}],"author":[{"embeddable":true,"href":"https:\/\/www.yungayino.cl\/noticias\/index.php?rest_route=\/wp\/v2\/users\/2"}],"replies":[{"embeddable":true,"href":"https:\/\/www.yungayino.cl\/noticias\/index.php?rest_route=%2Fwp%2Fv2%2Fcomments&post=16900"}],"version-history":[{"count":1,"href":"https:\/\/www.yungayino.cl\/noticias\/index.php?rest_route=\/wp\/v2\/posts\/16900\/revisions"}],"predecessor-version":[{"id":16901,"href":"https:\/\/www.yungayino.cl\/noticias\/index.php?rest_route=\/wp\/v2\/posts\/16900\/revisions\/16901"}],"wp:featuredmedia":[{"embeddable":true,"href":"https:\/\/www.yungayino.cl\/noticias\/index.php?rest_route=\/wp\/v2\/media\/16894"}],"wp:attachment":[{"href":"https:\/\/www.yungayino.cl\/noticias\/index.php?rest_route=%2Fwp%2Fv2%2Fmedia&parent=16900"}],"wp:term":[{"taxonomy":"category","embeddable":true,"href":"https:\/\/www.yungayino.cl\/noticias\/index.php?rest_route=%2Fwp%2Fv2%2Fcategories&post=16900"},{"taxonomy":"post_tag","embeddable":true,"href":"https:\/\/www.yungayino.cl\/noticias\/index.php?rest_route=%2Fwp%2Fv2%2Ftags&post=16900"}],"curies":[{"name":"wp","href":"https:\/\/api.w.org\/{rel}","templated":true}]}}