{"id":16923,"date":"2016-08-01T19:00:50","date_gmt":"2016-08-01T22:00:50","guid":{"rendered":"http:\/\/www.yungayino.cl\/noticias\/?p=16923"},"modified":"2016-08-01T22:43:11","modified_gmt":"2016-08-02T01:43:11","slug":"padre-nelson-jara-se-despidio-de-la-comunidad-catolica-de-yungay","status":"publish","type":"post","link":"https:\/\/www.yungayino.cl\/noticias\/?p=16923","title":{"rendered":"Padre Nelson Jara se Despidi\u00f3 de la Comunidad Cat\u00f3lica de Yungay"},"content":{"rendered":"<p><img loading=\"lazy\" decoding=\"async\" class=\"alignnone size-full wp-image-16924\" src=\"http:\/\/www.yungayino.cl\/noticias\/wp-content\/uploads\/2016\/08\/padre_nelson_jara_2016.jpg\" alt=\"padre_nelson_jara_2016\" width=\"700\" height=\"350\" srcset=\"https:\/\/www.yungayino.cl\/noticias\/wp-content\/uploads\/2016\/08\/padre_nelson_jara_2016.jpg 700w, https:\/\/www.yungayino.cl\/noticias\/wp-content\/uploads\/2016\/08\/padre_nelson_jara_2016-300x150.jpg 300w\" sizes=\"auto, (max-width: 700px) 100vw, 700px\" \/><\/p>\n<p style=\"text-align: justify;\">Yungay, lunes 01 de agosto 2016: En la Parroquia San Miguel se llev\u00f3 a cabo la \u00faltima misa realizada por el Padre <strong>Nelson Jara<\/strong>, qui\u00e9n despu\u00e9s de cinco a\u00f1os a cargo de la Parroquia de Yungay continuara su misi\u00f3n cristiana en su tierra natal de la comuna de Ninhue.<\/p>\n<p style=\"text-align: justify;\">La misa cont\u00f3 con una gran cantidad de fieles que despidieron al Padre Nelson, qui\u00e9n manifest\u00f3 sentirse feliz por el trabajo hecho durante estos a\u00f1os haciendo un llamado a los fieles a seguir participando y apoyar la llegada del nuevo P\u00e1rroco.<\/p>\n<p style=\"text-align: justify;\"><iframe loading=\"lazy\" src=\"https:\/\/www.facebook.com\/plugins\/post.php?href=https:\/\/www.facebook.com\/media\/set\/?set=a.1360393187309050.1073742879.159561284058919&#038;type=1&#038;l=9454ed2f8c&#038;l=a77e327dc6&#038;l=f5951f1994&#038;l=bfecbb8adf&#038;l=687b6bf5da&#038;width=500&#038;show_text=true&#038;height=691&#038;appId\" width=\"500\" height=\"691\" style=\"border:none;overflow:hidden\" scrolling=\"no\" frameborder=\"0\" allowTransparency=\"true\"><\/iframe><\/p>\n<p style=\"text-align: justify;\">El Padre <strong>Nelson Jara<\/strong> se\u00f1alo al Equipo del Portal Yungayino.cl estar muy agradecido y que se lleva una tremenda gratitud en su coraz\u00f3n destacando primero que fue Dios qui\u00e9n lo trajo a Yungay, tambi\u00e9n reitero sus agradecimientos por todo el cari\u00f1o y apoyo entregado durante estos cinco a\u00f1os por toda la gente, igualmente pidi\u00f3 perd\u00f3n para aquellos que le haya fallado o se haya equivocado. Finalmente indico que pide que con el mismo entusiasmo y cari\u00f1o que le dieron a \u00e9l, lo hagan con el nuevo P\u00e1rroco Pedro de la Fuente, y que lo acojan con cari\u00f1o y as\u00ed la fe siga arraig\u00e1ndose en todos los corazones para poder vivir con la alegr\u00eda de Dios.<\/p>\n<p style=\"text-align: justify;\">Finalizada la misa la comunidad cristina invit\u00f3 al Padre Nelson a compartir un c\u00f3ctel, donde toda la comunidad yungayina pudo despedirse y agradecer por el trabajo realizado en la comuna.<\/p>\n<p style=\"text-align: justify;\">[su_button url=\u00bbhttps:\/\/www.facebook.com\/media\/set\/?set=a.1360393187309050.1073742879.159561284058919&amp;type=1&amp;l=9454ed2f8c\u00bb target=\u00bbblank\u00bb size=\u00bb7&#8243; radius=\u00bbround\u00bb icon=\u00bbicon: facebook-square\u00bb]FOTOGRAF\u00cdAS &#8211; Padre Nelson Jara se Despidi\u00f3 de la Comunidad Cat\u00f3lica de Yungay[\/su_button]<\/p>\n","protected":false},"excerpt":{"rendered":"<p>Yungay, lunes 01 de agosto 2016: En la Parroquia San Miguel se llev\u00f3 a cabo la \u00faltima misa realizada por el Padre Nelson Jara, qui\u00e9n despu\u00e9s de cinco a\u00f1os a cargo de la Parroquia&#46;&#46;&#46;<\/p>\n","protected":false},"author":2,"featured_media":16924,"comment_status":"open","ping_status":"open","sticky":false,"template":"","format":"standard","meta":{"footnotes":""},"categories":[3,1],"tags":[1389,1115,8,6,117],"class_list":["post-16923","post","type-post","status-publish","format-standard","has-post-thumbnail","hentry","category-actualidad","category-noticias","tag-nelson-jara","tag-noticias","tag-yungay","tag-yungayino","tag-yungayinocl"],"_links":{"self":[{"href":"https:\/\/www.yungayino.cl\/noticias\/index.php?rest_route=\/wp\/v2\/posts\/16923","targetHints":{"allow":["GET"]}}],"collection":[{"href":"https:\/\/www.yungayino.cl\/noticias\/index.php?rest_route=\/wp\/v2\/posts"}],"about":[{"href":"https:\/\/www.yungayino.cl\/noticias\/index.php?rest_route=\/wp\/v2\/types\/post"}],"author":[{"embeddable":true,"href":"https:\/\/www.yungayino.cl\/noticias\/index.php?rest_route=\/wp\/v2\/users\/2"}],"replies":[{"embeddable":true,"href":"https:\/\/www.yungayino.cl\/noticias\/index.php?rest_route=%2Fwp%2Fv2%2Fcomments&post=16923"}],"version-history":[{"count":3,"href":"https:\/\/www.yungayino.cl\/noticias\/index.php?rest_route=\/wp\/v2\/posts\/16923\/revisions"}],"predecessor-version":[{"id":16927,"href":"https:\/\/www.yungayino.cl\/noticias\/index.php?rest_route=\/wp\/v2\/posts\/16923\/revisions\/16927"}],"wp:featuredmedia":[{"embeddable":true,"href":"https:\/\/www.yungayino.cl\/noticias\/index.php?rest_route=\/wp\/v2\/media\/16924"}],"wp:attachment":[{"href":"https:\/\/www.yungayino.cl\/noticias\/index.php?rest_route=%2Fwp%2Fv2%2Fmedia&parent=16923"}],"wp:term":[{"taxonomy":"category","embeddable":true,"href":"https:\/\/www.yungayino.cl\/noticias\/index.php?rest_route=%2Fwp%2Fv2%2Fcategories&post=16923"},{"taxonomy":"post_tag","embeddable":true,"href":"https:\/\/www.yungayino.cl\/noticias\/index.php?rest_route=%2Fwp%2Fv2%2Ftags&post=16923"}],"curies":[{"name":"wp","href":"https:\/\/api.w.org\/{rel}","templated":true}]}}