{"id":16929,"date":"2016-08-02T10:00:59","date_gmt":"2016-08-02T13:00:59","guid":{"rendered":"http:\/\/www.yungayino.cl\/noticias\/?p=16929"},"modified":"2016-08-03T13:03:25","modified_gmt":"2016-08-03T16:03:25","slug":"extensionistas-forestales-de-conaf-realizaron-reunion-en-yungay","status":"publish","type":"post","link":"https:\/\/www.yungayino.cl\/noticias\/?p=16929","title":{"rendered":"Extensionistas Forestales de CONAF Realizaron Reuni\u00f3n en Yungay"},"content":{"rendered":"<p><img loading=\"lazy\" decoding=\"async\" class=\"alignnone size-full wp-image-16930\" src=\"http:\/\/www.yungayino.cl\/noticias\/wp-content\/uploads\/2016\/08\/conaf_201608.jpg\" alt=\"conaf_201608\" width=\"700\" height=\"350\" srcset=\"https:\/\/www.yungayino.cl\/noticias\/wp-content\/uploads\/2016\/08\/conaf_201608.jpg 700w, https:\/\/www.yungayino.cl\/noticias\/wp-content\/uploads\/2016\/08\/conaf_201608-300x150.jpg 300w\" sizes=\"auto, (max-width: 700px) 100vw, 700px\" \/><\/p>\n<p style=\"text-align: justify;\">Yungay, martes 02 de agosto 2016: El d\u00eda Viernes 29 de Julio, en dependencias de la Municipalidad de Yungay, se realiz\u00f3 la reuni\u00f3n mensual, Provincial del DEFOR (Departamento de Fomento Forestal) de CONAF, departamento al cual pertenece el programa de extensi\u00f3n forestal de CONAF, que se desarrolla en algunas comunas de la regi\u00f3n del Bio Bio, entre estas la comuna de Yungay, en el marco de un convenio firmado entre la Municipalidad de Yungay y CONAF, donde se tiene contratado al Ingeniero Forestal Jos\u00e9 Morales Carrasco, para desarrollar las metas propuestas por CONAF y la Municipalidad de Yungay.<\/p>\n<p style=\"text-align: justify;\">\n<p style=\"text-align: justify;\"><iframe loading=\"lazy\" src=\"https:\/\/www.facebook.com\/plugins\/post.php?href=https:\/\/www.facebook.com\/media\/set\/?set=a.1361627470518955.1073742880.159561284058919&#038;type=1&#038;l=053eb2edd4&#038;l=a77e327dc6&#038;l=f5951f1994&#038;l=bfecbb8adf&#038;l=687b6bf5da&#038;width=500&#038;show_text=true&#038;height=691&#038;appId\" width=\"500\" height=\"691\" style=\"border:none;overflow:hidden\" scrolling=\"no\" frameborder=\"0\" allowTransparency=\"true\"><\/iframe>\n<\/p>\n<p style=\"text-align: justify;\">\n<p style=\"text-align: justify;\">\n<p style=\"text-align: justify;\">Destacar que en la reuni\u00f3n estuvieron presente el Equipo DEFOR de CONAF \u00d1uble y extensionistas de las comunas: Pemuco, El Carmen, Quirihue, Yungay, adem\u00e1s 2 extensionistas provinciales que atienden 4 comunas cada uno en el\u00a0 Valle del Itata y el Valle de Punilla adem\u00e1s los equipos presentes agradecieron la presencia del alcalde Pedro Inostroza Valenzuela, en dicha reuni\u00f3n quien le expreso su apoyo en todas las gestiones a realizar.<\/p>\n<p style=\"text-align: justify;\">Se\u00f1alar que en la reuni\u00f3n se trataron las metas y los avances de las actividades propuestas y se vieron los requerimientos, adem\u00e1s de necesidades forestales que se generan en cada comuna as\u00ed lo se\u00f1alo al Equipo del Portal Yungayino.cl el Ingeniero Jos\u00e9 Morales Carrasco, quien adem\u00e1s destaco el gran apoyo de la Municipalidad de Yungay por medio de su alcalde y Nelson Burgos, Director de SECPLAN.<\/p>\n<p style=\"text-align: justify;\">Finalmente Jos\u00e9 Morales Carrasco se\u00f1alo que ante cualquier consulta o requerimiento pueden acercarse a la Oficina que se encuentra en las dependencias municipales, Anexo Liceo.<\/p>\n<p style=\"text-align: justify;\">\n<p style=\"text-align: justify;\">[su_button url=\u00bbhttps:\/\/www.facebook.com\/media\/set\/?set=a.1361627470518955.1073742880.159561284058919&amp;type=1&amp;l=053eb2edd4&#8243; target=\u00bbblank\u00bb size=\u00bb7&#8243; radius=\u00bbround\u00bb icon=\u00bbicon: facebook-square\u00bb]FOTOGRAF\u00cdAS &#8211; Extensionistas Forestales de CONAF Realizaron Reuni\u00f3n en Yungay[\/su_button]<\/p>\n","protected":false},"excerpt":{"rendered":"<p>Yungay, martes 02 de agosto 2016: El d\u00eda Viernes 29 de Julio, en dependencias de la Municipalidad de Yungay, se realiz\u00f3 la reuni\u00f3n mensual, Provincial del DEFOR (Departamento de Fomento Forestal) de CONAF, departamento&#46;&#46;&#46;<\/p>\n","protected":false},"author":2,"featured_media":16930,"comment_status":"open","ping_status":"open","sticky":false,"template":"","format":"standard","meta":{"footnotes":""},"categories":[1],"tags":[192,8,6,117],"class_list":["post-16929","post","type-post","status-publish","format-standard","has-post-thumbnail","hentry","category-noticias","tag-conaf","tag-yungay","tag-yungayino","tag-yungayinocl"],"_links":{"self":[{"href":"https:\/\/www.yungayino.cl\/noticias\/index.php?rest_route=\/wp\/v2\/posts\/16929","targetHints":{"allow":["GET"]}}],"collection":[{"href":"https:\/\/www.yungayino.cl\/noticias\/index.php?rest_route=\/wp\/v2\/posts"}],"about":[{"href":"https:\/\/www.yungayino.cl\/noticias\/index.php?rest_route=\/wp\/v2\/types\/post"}],"author":[{"embeddable":true,"href":"https:\/\/www.yungayino.cl\/noticias\/index.php?rest_route=\/wp\/v2\/users\/2"}],"replies":[{"embeddable":true,"href":"https:\/\/www.yungayino.cl\/noticias\/index.php?rest_route=%2Fwp%2Fv2%2Fcomments&post=16929"}],"version-history":[{"count":2,"href":"https:\/\/www.yungayino.cl\/noticias\/index.php?rest_route=\/wp\/v2\/posts\/16929\/revisions"}],"predecessor-version":[{"id":16932,"href":"https:\/\/www.yungayino.cl\/noticias\/index.php?rest_route=\/wp\/v2\/posts\/16929\/revisions\/16932"}],"wp:featuredmedia":[{"embeddable":true,"href":"https:\/\/www.yungayino.cl\/noticias\/index.php?rest_route=\/wp\/v2\/media\/16930"}],"wp:attachment":[{"href":"https:\/\/www.yungayino.cl\/noticias\/index.php?rest_route=%2Fwp%2Fv2%2Fmedia&parent=16929"}],"wp:term":[{"taxonomy":"category","embeddable":true,"href":"https:\/\/www.yungayino.cl\/noticias\/index.php?rest_route=%2Fwp%2Fv2%2Fcategories&post=16929"},{"taxonomy":"post_tag","embeddable":true,"href":"https:\/\/www.yungayino.cl\/noticias\/index.php?rest_route=%2Fwp%2Fv2%2Ftags&post=16929"}],"curies":[{"name":"wp","href":"https:\/\/api.w.org\/{rel}","templated":true}]}}