{"id":16935,"date":"2016-08-07T20:00:48","date_gmt":"2016-08-07T23:00:48","guid":{"rendered":"http:\/\/www.yungayino.cl\/noticias\/?p=16935"},"modified":"2016-08-07T22:42:35","modified_gmt":"2016-08-08T01:42:35","slug":"municipio-de-yungay-celebro-el-dia-del-dirigente-social-y-comunitario-3","status":"publish","type":"post","link":"https:\/\/www.yungayino.cl\/noticias\/?p=16935","title":{"rendered":"Municipio de Yungay Celebr\u00f3 el \u201cD\u00eda del Dirigente Social y Comunitario\u201d"},"content":{"rendered":"<p><img loading=\"lazy\" decoding=\"async\" class=\"alignnone size-full wp-image-16936\" src=\"http:\/\/www.yungayino.cl\/noticias\/wp-content\/uploads\/2016\/08\/dia_dirigente_2016.jpg\" alt=\"dia_dirigente_2016\" width=\"700\" height=\"350\" srcset=\"https:\/\/www.yungayino.cl\/noticias\/wp-content\/uploads\/2016\/08\/dia_dirigente_2016.jpg 700w, https:\/\/www.yungayino.cl\/noticias\/wp-content\/uploads\/2016\/08\/dia_dirigente_2016-300x150.jpg 300w\" sizes=\"auto, (max-width: 700px) 100vw, 700px\" \/><\/p>\n<p style=\"text-align: justify;\">Yungay, domingo 07 de agosto 2016: En reconocimiento al trabajo que a diario y de manera voluntaria entregan en beneficio directo de sus barrios y comunidades, la Municipalidad de Yungay rindi\u00f3 un sincero homenaje a los dirigentes vecinales y comunitarios en conmemoraci\u00f3n del <strong>\u201cD\u00eda del Dirigente Social y Comunitario\u201d.<\/strong><\/p>\n<p style=\"text-align: justify;\"><strong>\u00a0<\/strong><\/p>\n<p style=\"text-align: justify;\"><iframe loading=\"lazy\" src=\"https:\/\/www.facebook.com\/plugins\/post.php?href=https:\/\/www.facebook.com\/media\/set\/?set=a.1365221753492860.1073742881.159561284058919&#038;type=1&#038;l=c6d1111cc2&#038;l=a77e327dc6&#038;l=f5951f1994&#038;l=bfecbb8adf&#038;l=687b6bf5da&#038;width=500&#038;show_text=true&#038;height=691&#038;appId\" width=\"500\" height=\"691\" style=\"border:none;overflow:hidden\" scrolling=\"no\" frameborder=\"0\" allowTransparency=\"true\"><\/iframe><\/p>\n<p style=\"text-align: justify;\">La actividad se llev\u00f3 a cabo en las dependencias del Gimnasio Multiuso y estuvo liderada por el alcalde Pedro Inostroza Valenzuela, Concejales y el Suboficial Juan Carlos Espinoza, Encargado de la Oficina de Asuntos Comunitarios.<\/p>\n<p style=\"text-align: justify;\">En el evento se hizo entrega de un regalo a cada uno de los dirigentes como reconocimiento por la importante labor que desarrollan gestionando iniciativas que buscan mejorar la calidad de vida de los habitantes de las diversas localidades de la comuna.<\/p>\n<p style=\"text-align: justify;\">El Alcalde de Yungay, <strong>Pedro Inostroza Valenzuela<\/strong> en la oportunidad resalt\u00f3 y destac\u00f3 la labor que realizan los Dirigentes por sus Comunidades, valorando el trabajo que desinteresadamente realizan estas personas, quienes fueron elegidos por sus pares para representarles cuando la ocasi\u00f3n as\u00ed lo requiera.<\/p>\n<p style=\"text-align: justify;\">Cabe mencionar que esta celebraci\u00f3n se realiz\u00f3 bajo el alero de la Oficina de Organizaciones Sociales de la Direcci\u00f3n de Desarrollo Comunitario (DIDECO) liderada por su Jefa, se\u00f1ora Marcia Ortiz.<\/p>\n<p style=\"text-align: justify;\"><strong>[su_button url=\u00bbhttps:\/\/www.facebook.com\/media\/set\/?set=a.1365221753492860.1073742881.159561284058919&amp;type=1&amp;l=c6d1111cc2&#8243; target=\u00bbblank\u00bb size=\u00bb7&#8243; radius=\u00bbround\u00bb icon=\u00bbicon: facebook-square\u00bb]FOTOGRAF\u00cdAS &#8211; Municipio de Yungay Celebr\u00f3 el \u201cD\u00eda del Dirigente Social y Comunitario\u201d[\/su_button]<\/strong><\/p>\n","protected":false},"excerpt":{"rendered":"<p>Yungay, domingo 07 de agosto 2016: En reconocimiento al trabajo que a diario y de manera voluntaria entregan en beneficio directo de sus barrios y comunidades, la Municipalidad de Yungay rindi\u00f3 un sincero homenaje&#46;&#46;&#46;<\/p>\n","protected":false},"author":2,"featured_media":16936,"comment_status":"open","ping_status":"open","sticky":false,"template":"","format":"standard","meta":{"footnotes":""},"categories":[1],"tags":[514,1115,8,6,117],"class_list":["post-16935","post","type-post","status-publish","format-standard","has-post-thumbnail","hentry","category-noticias","tag-dia-dirigente","tag-noticias","tag-yungay","tag-yungayino","tag-yungayinocl"],"_links":{"self":[{"href":"https:\/\/www.yungayino.cl\/noticias\/index.php?rest_route=\/wp\/v2\/posts\/16935","targetHints":{"allow":["GET"]}}],"collection":[{"href":"https:\/\/www.yungayino.cl\/noticias\/index.php?rest_route=\/wp\/v2\/posts"}],"about":[{"href":"https:\/\/www.yungayino.cl\/noticias\/index.php?rest_route=\/wp\/v2\/types\/post"}],"author":[{"embeddable":true,"href":"https:\/\/www.yungayino.cl\/noticias\/index.php?rest_route=\/wp\/v2\/users\/2"}],"replies":[{"embeddable":true,"href":"https:\/\/www.yungayino.cl\/noticias\/index.php?rest_route=%2Fwp%2Fv2%2Fcomments&post=16935"}],"version-history":[{"count":3,"href":"https:\/\/www.yungayino.cl\/noticias\/index.php?rest_route=\/wp\/v2\/posts\/16935\/revisions"}],"predecessor-version":[{"id":16944,"href":"https:\/\/www.yungayino.cl\/noticias\/index.php?rest_route=\/wp\/v2\/posts\/16935\/revisions\/16944"}],"wp:featuredmedia":[{"embeddable":true,"href":"https:\/\/www.yungayino.cl\/noticias\/index.php?rest_route=\/wp\/v2\/media\/16936"}],"wp:attachment":[{"href":"https:\/\/www.yungayino.cl\/noticias\/index.php?rest_route=%2Fwp%2Fv2%2Fmedia&parent=16935"}],"wp:term":[{"taxonomy":"category","embeddable":true,"href":"https:\/\/www.yungayino.cl\/noticias\/index.php?rest_route=%2Fwp%2Fv2%2Fcategories&post=16935"},{"taxonomy":"post_tag","embeddable":true,"href":"https:\/\/www.yungayino.cl\/noticias\/index.php?rest_route=%2Fwp%2Fv2%2Ftags&post=16935"}],"curies":[{"name":"wp","href":"https:\/\/api.w.org\/{rel}","templated":true}]}}