{"id":16940,"date":"2016-08-07T21:00:14","date_gmt":"2016-08-08T00:00:14","guid":{"rendered":"http:\/\/www.yungayino.cl\/noticias\/?p=16940"},"modified":"2016-08-07T22:41:08","modified_gmt":"2016-08-08T01:41:08","slug":"monsenor-carlos-pellegrin-obispo-de-chillan-realizo-misa-de-presentacion-de-nuevo-parroco-para-yungay","status":"publish","type":"post","link":"https:\/\/www.yungayino.cl\/noticias\/?p=16940","title":{"rendered":"Monse\u00f1or Carlos Pellegrin, Obispo de Chill\u00e1n Realizo Misa de Presentaci\u00f3n de Nuevo P\u00e1rroco Para Yungay"},"content":{"rendered":"<p><img loading=\"lazy\" decoding=\"async\" class=\"alignnone size-full wp-image-16937\" src=\"http:\/\/www.yungayino.cl\/noticias\/wp-content\/uploads\/2016\/08\/padre_pedro_de_la_fuente.jpg\" alt=\"padre_pedro_de_la_fuente\" width=\"700\" height=\"350\" srcset=\"https:\/\/www.yungayino.cl\/noticias\/wp-content\/uploads\/2016\/08\/padre_pedro_de_la_fuente.jpg 700w, https:\/\/www.yungayino.cl\/noticias\/wp-content\/uploads\/2016\/08\/padre_pedro_de_la_fuente-300x150.jpg 300w\" sizes=\"auto, (max-width: 700px) 100vw, 700px\" \/><\/p>\n<p style=\"text-align: justify;\">Yungay, domingo 07 de agosto 2016: En la Parroquia San Miguel de Yungay el Monse\u00f1or Carlos Pellegrin, Obispo de Chill\u00e1n realizo ayer s\u00e1bado 06 de agosto la Misa de Eucarist\u00eda con motivo de presentar a toda la comunidad cat\u00f3lica al nuevo Sacerdote Pedro de la Fuente como nuevo P\u00e1rroco de la Parroquia San Miguel, cargo dejado por el Sacerdote Nelson Jara, quien se traslad\u00f3 a su tierra natal de Ninhue para iniciar nuevos desaf\u00edos.<\/p>\n<p style=\"text-align: justify;\"><iframe loading=\"lazy\" src=\"https:\/\/www.facebook.com\/plugins\/post.php?href=https:\/\/www.facebook.com\/media\/set\/?set=a.1365233966824972.1073742882.159561284058919&#038;type=1&#038;l=88408e20a9&#038;l=a77e327dc6&#038;l=f5951f1994&#038;l=bfecbb8adf&#038;l=687b6bf5da&#038;width=500&#038;show_text=true&#038;height=691&#038;appId\" width=\"500\" height=\"691\" style=\"border:none;overflow:hidden\" scrolling=\"no\" frameborder=\"0\" allowTransparency=\"true\"><\/iframe><\/p>\n<p style=\"text-align: justify;\">En la Eucarist\u00eda el Obispo realizo la invitaci\u00f3n a la comunidad a hacer oraci\u00f3n por el Padre Nelson Jara y por el \u00e9xito de su nuevo servicio pastoral, al mismo tiempo orar por el Padre Pedro de la Fuente y su nueva comunidad parroquial.<\/p>\n<p style=\"text-align: justify;\"><strong>Monse\u00f1or Carlos Pellegrin <\/strong>tambi\u00e9n se\u00f1alo al Equipo del Portal Yungayino.cl que hay que dar gracias al Se\u00f1or porque nos regala sacerdotes para poder servir a las comunidades, tambi\u00e9n agradeci\u00f3 el servicio dado por el Padre Nelson Jara en todos estos a\u00f1os en Yungay y tambi\u00e9n llamo a acoger con mucho cari\u00f1o al nuevo p\u00e1rroco, Padre Pedro de la Fuente, qui\u00e9n sin duda entregara todas sus cualidades, carisma y talento al servicio de la comunidad, tambi\u00e9n envi\u00f3 un saludo a todas la comunidades rurales y espera estar muy pronto de nuevo visitando Yungay.<\/p>\n<p style=\"text-align: justify;\">Por su parte el nuevo Sacerdote <strong>Pedro de la Fuente <\/strong>se\u00f1alo estar muy contento por esta gran bienvenida y destaco que ha llegado como nuevo sacerdote para Yungay para trabajar, caminar y compartir con toda la comunidad, adem\u00e1s se\u00f1alo que nos es f\u00e1cil para el sacerdote que se va y el que llega este nuevo desaf\u00edo, pero que acepta con mucha Fe, humildad y la ayuda de todos este nuevo camino que Dios le ha encomendado.<\/p>\n<p style=\"text-align: justify;\">Finalmente terminada la Misa la comunidad le realizo un coctel de bienvenida el cual se llev\u00f3 a cabo con mucho cari\u00f1o en las dependencias del Internado Eduardo Frei.<\/p>\n<p style=\"text-align: justify;\">[su_button url=\u00bbhttps:\/\/www.facebook.com\/media\/set\/?set=a.1365233966824972.1073742882.159561284058919&amp;type=1&amp;l=88408e20a9&#8243; target=\u00bbblank\u00bb size=\u00bb7&#8243; radius=\u00bbround\u00bb icon=\u00bbicon: facebook-square\u00bb]FOTOGRAF\u00cdAS &#8211; Monse\u00f1or Carlos Pellegrin, Obispo de Chill\u00e1n Realizo Misa de Presentaci\u00f3n de Nuevo P\u00e1rroco Para Yungay[\/su_button]<\/p>\n","protected":false},"excerpt":{"rendered":"<p>Yungay, domingo 07 de agosto 2016: En la Parroquia San Miguel de Yungay el Monse\u00f1or Carlos Pellegrin, Obispo de Chill\u00e1n realizo ayer s\u00e1bado 06 de agosto la Misa de Eucarist\u00eda con motivo de presentar&#46;&#46;&#46;<\/p>\n","protected":false},"author":2,"featured_media":16937,"comment_status":"open","ping_status":"open","sticky":false,"template":"","format":"standard","meta":{"footnotes":""},"categories":[3,1],"tags":[1115,353,1390,8,6,117],"class_list":["post-16940","post","type-post","status-publish","format-standard","has-post-thumbnail","hentry","category-actualidad","category-noticias","tag-noticias","tag-padre-nelson-jara","tag-padre-pedro-de-la-fuente","tag-yungay","tag-yungayino","tag-yungayinocl"],"_links":{"self":[{"href":"https:\/\/www.yungayino.cl\/noticias\/index.php?rest_route=\/wp\/v2\/posts\/16940","targetHints":{"allow":["GET"]}}],"collection":[{"href":"https:\/\/www.yungayino.cl\/noticias\/index.php?rest_route=\/wp\/v2\/posts"}],"about":[{"href":"https:\/\/www.yungayino.cl\/noticias\/index.php?rest_route=\/wp\/v2\/types\/post"}],"author":[{"embeddable":true,"href":"https:\/\/www.yungayino.cl\/noticias\/index.php?rest_route=\/wp\/v2\/users\/2"}],"replies":[{"embeddable":true,"href":"https:\/\/www.yungayino.cl\/noticias\/index.php?rest_route=%2Fwp%2Fv2%2Fcomments&post=16940"}],"version-history":[{"count":3,"href":"https:\/\/www.yungayino.cl\/noticias\/index.php?rest_route=\/wp\/v2\/posts\/16940\/revisions"}],"predecessor-version":[{"id":16943,"href":"https:\/\/www.yungayino.cl\/noticias\/index.php?rest_route=\/wp\/v2\/posts\/16940\/revisions\/16943"}],"wp:featuredmedia":[{"embeddable":true,"href":"https:\/\/www.yungayino.cl\/noticias\/index.php?rest_route=\/wp\/v2\/media\/16937"}],"wp:attachment":[{"href":"https:\/\/www.yungayino.cl\/noticias\/index.php?rest_route=%2Fwp%2Fv2%2Fmedia&parent=16940"}],"wp:term":[{"taxonomy":"category","embeddable":true,"href":"https:\/\/www.yungayino.cl\/noticias\/index.php?rest_route=%2Fwp%2Fv2%2Fcategories&post=16940"},{"taxonomy":"post_tag","embeddable":true,"href":"https:\/\/www.yungayino.cl\/noticias\/index.php?rest_route=%2Fwp%2Fv2%2Ftags&post=16940"}],"curies":[{"name":"wp","href":"https:\/\/api.w.org\/{rel}","templated":true}]}}