{"id":16959,"date":"2016-08-14T11:00:00","date_gmt":"2016-08-14T14:00:00","guid":{"rendered":"http:\/\/www.yungayino.cl\/noticias\/?p=16959"},"modified":"2016-08-14T14:37:20","modified_gmt":"2016-08-14T17:37:20","slug":"plantas-de-aserraderos-remanufactura-y-vigas-laminadas-de-arauco-celebraron-el-dia-del-nino","status":"publish","type":"post","link":"https:\/\/www.yungayino.cl\/noticias\/?p=16959","title":{"rendered":"Plantas de Aserraderos, Remanufactura y Vigas Laminadas de ARAUCO Celebraron el \u201cD\u00eda del Ni\u00f1o\u201d"},"content":{"rendered":"<p><img loading=\"lazy\" decoding=\"async\" class=\"alignnone size-full wp-image-16957\" src=\"http:\/\/www.yungayino.cl\/noticias\/wp-content\/uploads\/2016\/08\/dia_nino_aserradero_2016.jpg\" alt=\"dia_nino_aserradero_2016\" width=\"700\" height=\"393\" srcset=\"https:\/\/www.yungayino.cl\/noticias\/wp-content\/uploads\/2016\/08\/dia_nino_aserradero_2016.jpg 700w, https:\/\/www.yungayino.cl\/noticias\/wp-content\/uploads\/2016\/08\/dia_nino_aserradero_2016-300x168.jpg 300w, https:\/\/www.yungayino.cl\/noticias\/wp-content\/uploads\/2016\/08\/dia_nino_aserradero_2016-267x150.jpg 267w\" sizes=\"auto, (max-width: 700px) 100vw, 700px\" \/><\/p>\n<p style=\"text-align: justify;\">Cholgu\u00e1n, domingo 14 de agosto 2016: En el Gimnasio del Complejo Deportivo de Paneles Arauco las Plantas de Aserraderos, Remanufactura y Vigas Laminadas pertenecientes al Holding Arauco S.A. celebraron ayer s\u00e1bado 13 el <strong>\u201cD\u00eda del Ni\u00f1o\u201d<\/strong> a todos los hijos de sus trabajadores a partir de las 11 horas.<\/p>\n<p style=\"text-align: justify;\"><iframe loading=\"lazy\" src=\"https:\/\/www.facebook.com\/plugins\/post.php?href=https:\/\/www.facebook.com\/media\/set\/?set=a.1370910159590686.1073742887.159561284058919&#038;type=1&#038;l=bb47cef817&#038;l=a77e327dc6&#038;l=f5951f1994&#038;l=bfecbb8adf&#038;l=687b6bf5da&#038;width=500&#038;show_text=true&#038;height=691&#038;appId\" width=\"500\" height=\"691\" style=\"border:none;overflow:hidden\" scrolling=\"no\" frameborder=\"0\" allowTransparency=\"true\"><\/iframe><\/p>\n<p style=\"text-align: justify;\">La actividad que fue organizada por el \u00c1rea Gesti\u00f3n Personas lideradas por M\u00f3nica Quezada Escalona y Fernanda Urra Rivera, conto con la asistencia de un centenar de ni\u00f1os y ni\u00f1as hijos de los trabajadores quienes disfrutaron de la celebraci\u00f3n del <strong>\u201cD\u00eda del Ni\u00f1o\u201d<\/strong> junto a sus padres, donde se entretuvieron con los juegos inflables, caras pintadas, show art\u00edstico, concursos, magia, palomitas, confites y la presentaci\u00f3n de conocidos personajes infantiles de la televisi\u00f3n.<\/p>\n<p style=\"text-align: justify;\">Finalmente la actividad termino alrededor de las 14:00 horas con el show y alegr\u00eda de los traviesos personajes televisivos y payasos, donde adem\u00e1s destacar que hubo locomoci\u00f3n disponible para todos los trabajadores provenientes de distintos lugares como Concepci\u00f3n, Los \u00c1ngeles, Cabrero, Huepil y Yungay.<\/p>\n<p style=\"text-align: justify;\"><strong>[su_button url=\u00bbhttps:\/\/www.facebook.com\/media\/set\/?set=a.1370910159590686.1073742887.159561284058919&amp;type=1&amp;l=bb47cef817&#8243; target=\u00bbblank\u00bb size=\u00bb7&#8243; radius=\u00bbround\u00bb icon=\u00bbicon: facebook-square\u00bb]FOTOGRAF\u00cdAS &#8211; Plantas de Aserraderos, Remanufactura y Vigas Laminadas de ARAUCO Celebraron el \u201cD\u00eda del Ni\u00f1o\u201d[\/su_button]<\/strong><\/p>\n","protected":false},"excerpt":{"rendered":"<p>Cholgu\u00e1n, domingo 14 de agosto 2016: En el Gimnasio del Complejo Deportivo de Paneles Arauco las Plantas de Aserraderos, Remanufactura y Vigas Laminadas pertenecientes al Holding Arauco S.A. celebraron ayer s\u00e1bado 13 el \u201cD\u00eda&#46;&#46;&#46;<\/p>\n","protected":false},"author":2,"featured_media":16957,"comment_status":"open","ping_status":"open","sticky":false,"template":"","format":"standard","meta":{"footnotes":""},"categories":[5,1],"tags":[684,35,230,1115,8,6,117],"class_list":["post-16959","post","type-post","status-publish","format-standard","has-post-thumbnail","hentry","category-eventos","category-noticias","tag-aserraderos-arauco","tag-cholguan","tag-dia-del-nino","tag-noticias","tag-yungay","tag-yungayino","tag-yungayinocl"],"_links":{"self":[{"href":"https:\/\/www.yungayino.cl\/noticias\/index.php?rest_route=\/wp\/v2\/posts\/16959","targetHints":{"allow":["GET"]}}],"collection":[{"href":"https:\/\/www.yungayino.cl\/noticias\/index.php?rest_route=\/wp\/v2\/posts"}],"about":[{"href":"https:\/\/www.yungayino.cl\/noticias\/index.php?rest_route=\/wp\/v2\/types\/post"}],"author":[{"embeddable":true,"href":"https:\/\/www.yungayino.cl\/noticias\/index.php?rest_route=\/wp\/v2\/users\/2"}],"replies":[{"embeddable":true,"href":"https:\/\/www.yungayino.cl\/noticias\/index.php?rest_route=%2Fwp%2Fv2%2Fcomments&post=16959"}],"version-history":[{"count":2,"href":"https:\/\/www.yungayino.cl\/noticias\/index.php?rest_route=\/wp\/v2\/posts\/16959\/revisions"}],"predecessor-version":[{"id":16961,"href":"https:\/\/www.yungayino.cl\/noticias\/index.php?rest_route=\/wp\/v2\/posts\/16959\/revisions\/16961"}],"wp:featuredmedia":[{"embeddable":true,"href":"https:\/\/www.yungayino.cl\/noticias\/index.php?rest_route=\/wp\/v2\/media\/16957"}],"wp:attachment":[{"href":"https:\/\/www.yungayino.cl\/noticias\/index.php?rest_route=%2Fwp%2Fv2%2Fmedia&parent=16959"}],"wp:term":[{"taxonomy":"category","embeddable":true,"href":"https:\/\/www.yungayino.cl\/noticias\/index.php?rest_route=%2Fwp%2Fv2%2Fcategories&post=16959"},{"taxonomy":"post_tag","embeddable":true,"href":"https:\/\/www.yungayino.cl\/noticias\/index.php?rest_route=%2Fwp%2Fv2%2Ftags&post=16959"}],"curies":[{"name":"wp","href":"https:\/\/api.w.org\/{rel}","templated":true}]}}