{"id":16965,"date":"2016-08-16T15:00:05","date_gmt":"2016-08-16T18:00:05","guid":{"rendered":"http:\/\/www.yungayino.cl\/noticias\/?p=16965"},"modified":"2016-08-16T19:46:48","modified_gmt":"2016-08-16T22:46:48","slug":"en-ninhue-padre-nelson-jara-celebro-su-primera-misa-acompanado-por-comunidad-catolica-de-yungay","status":"publish","type":"post","link":"https:\/\/www.yungayino.cl\/noticias\/?p=16965","title":{"rendered":"En Ninhue Padre Nelson Jara Celebro su Primera Misa Acompa\u00f1ado por Comunidad Cat\u00f3lica de Yungay"},"content":{"rendered":"<p><img loading=\"lazy\" decoding=\"async\" class=\"alignnone size-full wp-image-16967\" src=\"http:\/\/www.yungayino.cl\/noticias\/wp-content\/uploads\/2016\/08\/padre_nelson_jara_ninhue.jpg\" alt=\"padre_nelson_jara_ninhue\" width=\"700\" height=\"350\" srcset=\"https:\/\/www.yungayino.cl\/noticias\/wp-content\/uploads\/2016\/08\/padre_nelson_jara_ninhue.jpg 700w, https:\/\/www.yungayino.cl\/noticias\/wp-content\/uploads\/2016\/08\/padre_nelson_jara_ninhue-300x150.jpg 300w\" sizes=\"auto, (max-width: 700px) 100vw, 700px\" \/><\/p>\n<p style=\"text-align: justify;\">Yungay, martes 16 de agosto 2016: Con una gran cantidad de fieles de la Comunidad Cat\u00f3lica de Yungay que viajaron a la comuna de Ninhue el pasado domingo 14 de agosto el Padre Nelson Jara celebro su primera misa, acompa\u00f1ado del Monse\u00f1or Carlos Pellegrin, Obispo de Chill\u00e1n, la cual estuvo marcada por la emotividad y la alegr\u00eda de la familia y amigos.<\/p>\n<p style=\"text-align: justify;\"><iframe loading=\"lazy\" src=\"https:\/\/www.facebook.com\/plugins\/post.php?href=https:\/\/www.facebook.com\/media\/set\/?set=a.1372771209404581.1073742889.159561284058919&#038;type=1&#038;l=9c2323ed3c&#038;l=a77e327dc6&#038;l=f5951f1994&#038;l=bfecbb8adf&#038;l=687b6bf5da&#038;width=500&#038;show_text=true&#038;height=691&#038;appId\" width=\"500\" height=\"691\" style=\"border:none;overflow:hidden\" scrolling=\"no\" frameborder=\"0\" allowTransparency=\"true\"><\/iframe>\n<\/p>\n<p style=\"text-align: justify;\">Se\u00f1alar que la Di\u00f3cesis de Chill\u00e1n realizo nueve cambios de sacerdotes en la provincia, donde el obispo Carlos Pellegrin destac\u00f3 de manera especial a \u201caquellos que han manifestado su buena disposici\u00f3n para dejar las parroquias que serv\u00edan y asumir nuevos compromisos. Sabemos que tales cambios son parte de nuestra tradici\u00f3n, que se ven en la disponibilidad y movilidad de los ministros de la Iglesia\u201d, afirm\u00f3 el pastor diocesano, quien hizo una invitaci\u00f3n a las comunidades \u201cpara que acojan con mucho cari\u00f1o a sus nuevos sacerdotes, y para que despidan a aquellos que parten agradecidos por todo lo que han entregado en las respectivas parroquias\u201d.<\/p>\n<p style=\"text-align: justify;\">El Padre Nelson Jara, se\u00f1alo estar feliz con su primera misa en su tierra natal, adem\u00e1s destaco las muestras de cari\u00f1o y afecto de toda la comunidad de Yungay y en especial agradeci\u00f3 a todas las personas que viajaron desde Yungay a celebrar junto a el su primera misa con su nueva comunidad.<\/p>\n<p style=\"text-align: justify;\">Por su parte la alcaldesa Carmen Blanco Hadi se\u00f1alo al Equipo del Portal Yungayino.cl estar muy contenta y feliz con la llegada del padre Nelson Jara, lo que sin duda ayuda mucho a la uni\u00f3n y fraternidad de toda la comuna de Ninhue, tambi\u00e9n destaco que como municipio puede contar con todo el apoyo y finalmente se\u00f1alo que espera trabajar mucho para levanta su iglesia.<\/p>\n<p style=\"text-align: justify;\">M\u00e1s informaci\u00f3n en: \u00a0<a href=\"https:\/\/es-la.facebook.com\/iglesianinhue\">https:\/\/es-la.facebook.com\/iglesianinhue<\/a><\/p>\n<p style=\"text-align: justify;\">[su_button url=\u00bbhttps:\/\/www.facebook.com\/media\/set\/?set=a.1372771209404581.1073742889.159561284058919&amp;type=1&amp;l=9c2323ed3c\u00bb target=\u00bbblank\u00bb size=\u00bb7&#8243; radius=\u00bbround\u00bb icon=\u00bbicon: facebook-square\u00bb]FOTOGRAF\u00cdAS &#8211; En Ninhue Padre Nelson Jara Celebro su Primera Misa Acompa\u00f1ado por Comunidad Cat\u00f3lica de Yungay[\/su_button]<\/p>\n","protected":false},"excerpt":{"rendered":"<p>Yungay, martes 16 de agosto 2016: Con una gran cantidad de fieles de la Comunidad Cat\u00f3lica de Yungay que viajaron a la comuna de Ninhue el pasado domingo 14 de agosto el Padre Nelson&#46;&#46;&#46;<\/p>\n","protected":false},"author":2,"featured_media":16967,"comment_status":"open","ping_status":"open","sticky":false,"template":"","format":"standard","meta":{"footnotes":""},"categories":[1],"tags":[536,1115,353,8,6,117],"class_list":["post-16965","post","type-post","status-publish","format-standard","has-post-thumbnail","hentry","category-noticias","tag-ninhue","tag-noticias","tag-padre-nelson-jara","tag-yungay","tag-yungayino","tag-yungayinocl"],"_links":{"self":[{"href":"https:\/\/www.yungayino.cl\/noticias\/index.php?rest_route=\/wp\/v2\/posts\/16965","targetHints":{"allow":["GET"]}}],"collection":[{"href":"https:\/\/www.yungayino.cl\/noticias\/index.php?rest_route=\/wp\/v2\/posts"}],"about":[{"href":"https:\/\/www.yungayino.cl\/noticias\/index.php?rest_route=\/wp\/v2\/types\/post"}],"author":[{"embeddable":true,"href":"https:\/\/www.yungayino.cl\/noticias\/index.php?rest_route=\/wp\/v2\/users\/2"}],"replies":[{"embeddable":true,"href":"https:\/\/www.yungayino.cl\/noticias\/index.php?rest_route=%2Fwp%2Fv2%2Fcomments&post=16965"}],"version-history":[{"count":3,"href":"https:\/\/www.yungayino.cl\/noticias\/index.php?rest_route=\/wp\/v2\/posts\/16965\/revisions"}],"predecessor-version":[{"id":16970,"href":"https:\/\/www.yungayino.cl\/noticias\/index.php?rest_route=\/wp\/v2\/posts\/16965\/revisions\/16970"}],"wp:featuredmedia":[{"embeddable":true,"href":"https:\/\/www.yungayino.cl\/noticias\/index.php?rest_route=\/wp\/v2\/media\/16967"}],"wp:attachment":[{"href":"https:\/\/www.yungayino.cl\/noticias\/index.php?rest_route=%2Fwp%2Fv2%2Fmedia&parent=16965"}],"wp:term":[{"taxonomy":"category","embeddable":true,"href":"https:\/\/www.yungayino.cl\/noticias\/index.php?rest_route=%2Fwp%2Fv2%2Fcategories&post=16965"},{"taxonomy":"post_tag","embeddable":true,"href":"https:\/\/www.yungayino.cl\/noticias\/index.php?rest_route=%2Fwp%2Fv2%2Ftags&post=16965"}],"curies":[{"name":"wp","href":"https:\/\/api.w.org\/{rel}","templated":true}]}}