{"id":16971,"date":"2016-08-16T18:00:28","date_gmt":"2016-08-16T21:00:28","guid":{"rendered":"http:\/\/www.yungayino.cl\/noticias\/?p=16971"},"modified":"2016-08-16T19:53:55","modified_gmt":"2016-08-16T22:53:55","slug":"sindicato-de-trabajadores-empresa-l-y-v-festejo-su-aniversario-n9-con-una-cena","status":"publish","type":"post","link":"https:\/\/www.yungayino.cl\/noticias\/?p=16971","title":{"rendered":"Sindicato de Trabajadores Empresa L y V Festejo su Aniversario N\u00b09 con una Cena"},"content":{"rendered":"<p><img loading=\"lazy\" decoding=\"async\" class=\"alignnone size-full wp-image-16966\" src=\"http:\/\/www.yungayino.cl\/noticias\/wp-content\/uploads\/2016\/08\/sindicato_201608.jpg\" alt=\"sindicato_201608\" width=\"700\" height=\"393\" srcset=\"https:\/\/www.yungayino.cl\/noticias\/wp-content\/uploads\/2016\/08\/sindicato_201608.jpg 700w, https:\/\/www.yungayino.cl\/noticias\/wp-content\/uploads\/2016\/08\/sindicato_201608-300x168.jpg 300w, https:\/\/www.yungayino.cl\/noticias\/wp-content\/uploads\/2016\/08\/sindicato_201608-267x150.jpg 267w\" sizes=\"auto, (max-width: 700px) 100vw, 700px\" \/><\/p>\n<p style=\"text-align: justify;\">Yungay, martes 16 de agosto 2016: El Sindicato de Trabajadores pertenecientes a la Empresa de Construcci\u00f3n y Servicio <strong>L y V <\/strong>festejo su aniversario N\u00b09, con una gran cena realizada el domingo 14 de agosto a partir de las 22 horas en el local Restobar \u201cDonde Kano\u201d de Yungay.<\/p>\n<p style=\"text-align: justify;\"><iframe loading=\"lazy\" src=\"https:\/\/www.facebook.com\/plugins\/post.php?href=https:\/\/www.facebook.com\/media\/set\/?set=a.1372778492737186.1073742890.159561284058919&#038;type=1&#038;l=24f35234f2&#038;l=a77e327dc6&#038;l=f5951f1994&#038;l=bfecbb8adf&#038;l=687b6bf5da&#038;width=500&#038;show_text=true&#038;height=691&#038;appId\" width=\"500\" height=\"691\" style=\"border:none;overflow:hidden\" scrolling=\"no\" frameborder=\"0\" allowTransparency=\"true\"><\/iframe>\n<\/p>\n<p style=\"text-align: justify;\">En la ocasi\u00f3n los asistentes festejaron con un brindis y coctel este nuevo aniversario, donde la historia dice que el sindicato fue fundado el 30 de agosto del 2007, luego compartieron en familia una cena, donde en la ocasi\u00f3n tambi\u00e9n los dirigentes hicieron entrega de regalos y galvanos de reconocimientos.<\/p>\n<p style=\"text-align: justify;\">Finalmente el Presidente del Sindicato Carlos Avello Araneda se\u00f1alo al Equipo del Portal Yungayino.cl que como instituci\u00f3n tambi\u00e9n invitaron a esta ceremonia de aniversario a representantes de la Fundaci\u00f3n Integra \u201cRayo de Luna\u201d y Carabineros con quienes han trabajado en conjunto haciendo redes en Educaci\u00f3n y Proyectos Comunitarios en atenci\u00f3n a violencia intrafamiliar y maltrato infantil.<\/p>\n<p style=\"text-align: justify;\">[su_button url=\u00bbhttps:\/\/www.facebook.com\/media\/set\/?set=a.1372778492737186.1073742890.159561284058919&amp;type=1&amp;l=24f35234f2&#8243; target=\u00bbblank\u00bb size=\u00bb7&#8243; radius=\u00bbround\u00bb icon=\u00bbicon: facebook-square\u00bb]FOTOGRAF\u00cdAS &#8211; Sindicato de Trabajadores Empresa L y V Festejo su Aniversario N\u00b09 con una Cena[\/su_button]<\/p>\n<p>&nbsp;<\/p>\n","protected":false},"excerpt":{"rendered":"<p>Yungay, martes 16 de agosto 2016: El Sindicato de Trabajadores pertenecientes a la Empresa de Construcci\u00f3n y Servicio L y V festejo su aniversario N\u00b09, con una gran cena realizada el domingo 14 de&#46;&#46;&#46;<\/p>\n","protected":false},"author":2,"featured_media":16966,"comment_status":"open","ping_status":"open","sticky":false,"template":"","format":"standard","meta":{"footnotes":""},"categories":[1],"tags":[1394,1115,1393,8,6,117],"class_list":["post-16971","post","type-post","status-publish","format-standard","has-post-thumbnail","hentry","category-noticias","tag-empresa-de-construccion-y-servicio-l-y-v","tag-noticias","tag-sindicato-de-trabajadores","tag-yungay","tag-yungayino","tag-yungayinocl"],"_links":{"self":[{"href":"https:\/\/www.yungayino.cl\/noticias\/index.php?rest_route=\/wp\/v2\/posts\/16971","targetHints":{"allow":["GET"]}}],"collection":[{"href":"https:\/\/www.yungayino.cl\/noticias\/index.php?rest_route=\/wp\/v2\/posts"}],"about":[{"href":"https:\/\/www.yungayino.cl\/noticias\/index.php?rest_route=\/wp\/v2\/types\/post"}],"author":[{"embeddable":true,"href":"https:\/\/www.yungayino.cl\/noticias\/index.php?rest_route=\/wp\/v2\/users\/2"}],"replies":[{"embeddable":true,"href":"https:\/\/www.yungayino.cl\/noticias\/index.php?rest_route=%2Fwp%2Fv2%2Fcomments&post=16971"}],"version-history":[{"count":3,"href":"https:\/\/www.yungayino.cl\/noticias\/index.php?rest_route=\/wp\/v2\/posts\/16971\/revisions"}],"predecessor-version":[{"id":16974,"href":"https:\/\/www.yungayino.cl\/noticias\/index.php?rest_route=\/wp\/v2\/posts\/16971\/revisions\/16974"}],"wp:featuredmedia":[{"embeddable":true,"href":"https:\/\/www.yungayino.cl\/noticias\/index.php?rest_route=\/wp\/v2\/media\/16966"}],"wp:attachment":[{"href":"https:\/\/www.yungayino.cl\/noticias\/index.php?rest_route=%2Fwp%2Fv2%2Fmedia&parent=16971"}],"wp:term":[{"taxonomy":"category","embeddable":true,"href":"https:\/\/www.yungayino.cl\/noticias\/index.php?rest_route=%2Fwp%2Fv2%2Fcategories&post=16971"},{"taxonomy":"post_tag","embeddable":true,"href":"https:\/\/www.yungayino.cl\/noticias\/index.php?rest_route=%2Fwp%2Fv2%2Ftags&post=16971"}],"curies":[{"name":"wp","href":"https:\/\/api.w.org\/{rel}","templated":true}]}}