{"id":16975,"date":"2016-08-19T10:00:01","date_gmt":"2016-08-19T13:00:01","guid":{"rendered":"http:\/\/www.yungayino.cl\/noticias\/?p=16975"},"modified":"2016-08-19T16:22:40","modified_gmt":"2016-08-19T19:22:40","slug":"proyecto-entre-rios-de-yungay-tiene-78-de-avance","status":"publish","type":"post","link":"https:\/\/www.yungayino.cl\/noticias\/?p=16975","title":{"rendered":"Proyecto \u201cEntre R\u00edos\u201d de Yungay Tiene 78% de Avance"},"content":{"rendered":"<p><img loading=\"lazy\" decoding=\"async\" class=\"alignnone size-full wp-image-16977\" src=\"http:\/\/www.yungayino.cl\/noticias\/wp-content\/uploads\/2016\/08\/casas_entre_rios_2016.jpg\" alt=\"casas_entre_rios_2016\" width=\"700\" height=\"350\" srcset=\"https:\/\/www.yungayino.cl\/noticias\/wp-content\/uploads\/2016\/08\/casas_entre_rios_2016.jpg 700w, https:\/\/www.yungayino.cl\/noticias\/wp-content\/uploads\/2016\/08\/casas_entre_rios_2016-300x150.jpg 300w\" sizes=\"auto, (max-width: 700px) 100vw, 700px\" \/><\/p>\n<p style=\"text-align: justify;\">Yungay, viernes 19 de agosto 2016: Una visita a las obras de construcci\u00f3n de 240 viviendas del conjunto habitacional Entre R\u00edos\u00a0en Yungay realizaron autoridades de Gobierno y comunales, directivos de Arauco y vecinos, constatando un 78% de avance de las obras iniciadas por el Minvu en noviembre de 2015, en el marco del\u00a0Programa de Reactivaci\u00f3n Econ\u00f3mica e Integraci\u00f3n Social (DS 116), impulsado por el Ejecutivo.<\/p>\n<p style=\"text-align: justify;\">\u201cEste tipo de proyectos habitacionales tienen la virtud de lograr integrar a las familias que no tienen capacidad de ahorro y cr\u00e9dito, con las que s\u00ed la tienen, lo que demuestra que la inclusi\u00f3n es prioritaria para la Presidenta Bachelet. En Yungay, tenemos, adem\u00e1s, una conjunci\u00f3n entre el inter\u00e9s de la empresa privada, de trabajar en conjunto con el sector p\u00fablico, y de los propios trabajadores de Arauco, para unirse a un proyecto que dice relaci\u00f3n con la vocaci\u00f3n productiva del territorio\u201d, explic\u00f3 la Directora Regional del Serviu, <strong>Mar\u00eda Luz Gajardo.<\/strong><\/p>\n<p style=\"text-align: justify;\"><strong>\u00a0<\/strong><\/p>\n<p style=\"text-align: justify;\"><iframe loading=\"lazy\" src=\"https:\/\/www.facebook.com\/plugins\/post.php?href=https:\/\/www.facebook.com\/media\/set\/?set=a.1375206312494404.1073742891.159561284058919&#038;type=1&#038;l=4256a392ee&#038;l=a77e327dc6&#038;l=f5951f1994&#038;l=bfecbb8adf&#038;l=687b6bf5da&#038;width=500&#038;show_text=true&#038;height=691&#038;appId\" width=\"500\" height=\"691\" style=\"border:none;overflow:hidden\" scrolling=\"no\" frameborder=\"0\" allowTransparency=\"true\"><\/iframe>\n<\/p>\n<p style=\"text-align: justify;\">\n<p style=\"text-align: justify;\">La inversi\u00f3n global del proyecto alcanza los $ 8.802 millones, de los cuales $ 3 mil 318 millones, corresponden a la inversi\u00f3n del Minvu para las 144 familias vulnerables que acoger\u00e1 el conjunto, mientras que las otras 96 familias de sectores medios, tambi\u00e9n podr\u00e1n optar a un subsidio que totalizan $ 1.300 millones.<\/p>\n<p style=\"text-align: justify;\">\u201cEstamos muy conformes porque podemos apreciar un notorio avance de las faenas, con materiales de calidad. Existe un avance real, a muy buen ritmo, a pesar de los temporales y lluvias. Los espacios de las casas son muy c\u00f3modos, incluso para familias numerosas. Uno de los aspectos m\u00e1s valiosos, es la inclusi\u00f3n, porque nuestros ni\u00f1os podr\u00e1n compartir, sin importar su condici\u00f3n social\u201d, afirm\u00f3 <strong>Tamara Figueroa<\/strong>, dirigente del comit\u00e9 Entre R\u00edos.<\/p>\n<p style=\"text-align: justify;\">Las viviendas son de 2 pisos, con dos tipolog\u00edas, de 59 m2 y 81 m2, y considera 2 y 3 dormitorios, 1 ba\u00f1o, cocina y estar comedor. Adem\u00e1s, contempla multicancha, juegos infantiles, iluminaci\u00f3n exterior, plazas con juegos para ni\u00f1os, paisajismo, v\u00edas peatonales y estacionamientos.<\/p>\n<p style=\"text-align: justify;\">El alcalde de Yungay, <strong>Pedro Inostroza<\/strong>, destac\u00f3 la relevancia que el proyecto tiene para la comuna.<\/p>\n<p style=\"text-align: justify;\">\u201cAdem\u00e1s de reactivar el mercado inmobiliario en Yungay, se dota de un beneficio a nuestra gente, gracias a la alianza p\u00fablico-privada de este programa del Minvu\u201d, asever\u00f3 el edil.<\/p>\n<p style=\"text-align: justify;\">Mauricio Leiva, subgerente de Asuntos P\u00fablicos de Arauco, a\u00f1adi\u00f3 que \u201cel proyecto permite generar un barrio donde las familias vivir\u00e1n en forma integrada. Esto fue conocido por una delegaci\u00f3n de Curanilahue, localidad donde se pretende replicar esta gran iniciativa\u201d.<\/p>\n<p style=\"text-align: justify;\">\u201cLo de Yungay se suma a otros catorce proyectos DS 116 que se ejecutan en Chill\u00e1n, Chill\u00e1n Viejo, San Carlos y Bulnes, con una inversi\u00f3n que bordea los $ 60 mil millones\u201d, acot\u00f3 el delegado provincial del Serviu, \u00d3scar Cris\u00f3stomo.<\/p>\n<p style=\"text-align: justify;\"><strong>\u00a0<\/strong><\/p>\n<p style=\"text-align: justify;\"><strong>Viviendas Incrementales<\/strong><\/p>\n<p style=\"text-align: justify;\">El dise\u00f1o del proyecto \u201cEntre R\u00edos\u201d, de Yungay, estuvo a cargo del destacado arquitecto Alejandro Aravena, quien este a\u00f1o obtuvo el Premio Pritzker, considerado como el Nobel de la Arquitectura.<\/p>\n<p style=\"text-align: justify;\">Este conjunto habitacional considera la construcci\u00f3n de una primera etapa que incorpora todos los detalles constructivos y consideraciones que permitan a los futuros propietarios ampliar sus casas de manera ordenada en una segunda etapa. Se trata de las llamadas \u201cviviendas incrementales\u201d, que constituyen un sello del trabajo de Elemental, la oficina de arquitectos dirigida por Aravena.<\/p>\n<p style=\"text-align: justify;\">En el caso de \u201cEntre R\u00edos\u201d, las viviendas se agrupan en torno a un espacio com\u00fan de acceso restringido, que promueve las relaciones sociales y la vida de barrio.<\/p>\n<p style=\"text-align: justify;\">El loteo est\u00e1 conformado por mini condominios, que permiten crear barrios y promover la vida en comunidad. En cuanto a la materialidad, hay varias innovaciones, como, por ejemplo, madera de gran calidad para la construcci\u00f3n, con m\u00ednima deformaci\u00f3n; cortafuegos mucho m\u00e1s resistentes que los que se pueden encontrar tradicionalmente en este tipo de vivienda, adem\u00e1s de un aislante t\u00e9rmico y ac\u00fastico de celulosa proyectada, que es lo mejor que se puede encontrar hoy en el mercado.<\/p>\n<p style=\"text-align: justify;\">[su_button url=\u00bbhttps:\/\/www.facebook.com\/media\/set\/?set=a.1375206312494404.1073742891.159561284058919&amp;type=1&amp;l=4256a392ee\u00bb target=\u00bbblank\u00bb size=\u00bb7&#8243; radius=\u00bbround\u00bb icon=\u00bbicon: facebook-square\u00bb]FOTOGRAF\u00cdAS &#8211; Proyecto \u201cEntre R\u00edos\u201d de Yungay Tiene 78% de Avance[\/su_button]<\/p>\n","protected":false},"excerpt":{"rendered":"<p>Yungay, viernes 19 de agosto 2016: Una visita a las obras de construcci\u00f3n de 240 viviendas del conjunto habitacional Entre R\u00edos\u00a0en Yungay realizaron autoridades de Gobierno y comunales, directivos de Arauco y vecinos, constatando&#46;&#46;&#46;<\/p>\n","protected":false},"author":2,"featured_media":16977,"comment_status":"open","ping_status":"open","sticky":false,"template":"","format":"standard","meta":{"footnotes":""},"categories":[3,1],"tags":[1395,1115,8,6,117],"class_list":["post-16975","post","type-post","status-publish","format-standard","has-post-thumbnail","hentry","category-actualidad","category-noticias","tag-entre-rios","tag-noticias","tag-yungay","tag-yungayino","tag-yungayinocl"],"_links":{"self":[{"href":"https:\/\/www.yungayino.cl\/noticias\/index.php?rest_route=\/wp\/v2\/posts\/16975","targetHints":{"allow":["GET"]}}],"collection":[{"href":"https:\/\/www.yungayino.cl\/noticias\/index.php?rest_route=\/wp\/v2\/posts"}],"about":[{"href":"https:\/\/www.yungayino.cl\/noticias\/index.php?rest_route=\/wp\/v2\/types\/post"}],"author":[{"embeddable":true,"href":"https:\/\/www.yungayino.cl\/noticias\/index.php?rest_route=\/wp\/v2\/users\/2"}],"replies":[{"embeddable":true,"href":"https:\/\/www.yungayino.cl\/noticias\/index.php?rest_route=%2Fwp%2Fv2%2Fcomments&post=16975"}],"version-history":[{"count":4,"href":"https:\/\/www.yungayino.cl\/noticias\/index.php?rest_route=\/wp\/v2\/posts\/16975\/revisions"}],"predecessor-version":[{"id":16981,"href":"https:\/\/www.yungayino.cl\/noticias\/index.php?rest_route=\/wp\/v2\/posts\/16975\/revisions\/16981"}],"wp:featuredmedia":[{"embeddable":true,"href":"https:\/\/www.yungayino.cl\/noticias\/index.php?rest_route=\/wp\/v2\/media\/16977"}],"wp:attachment":[{"href":"https:\/\/www.yungayino.cl\/noticias\/index.php?rest_route=%2Fwp%2Fv2%2Fmedia&parent=16975"}],"wp:term":[{"taxonomy":"category","embeddable":true,"href":"https:\/\/www.yungayino.cl\/noticias\/index.php?rest_route=%2Fwp%2Fv2%2Fcategories&post=16975"},{"taxonomy":"post_tag","embeddable":true,"href":"https:\/\/www.yungayino.cl\/noticias\/index.php?rest_route=%2Fwp%2Fv2%2Ftags&post=16975"}],"curies":[{"name":"wp","href":"https:\/\/api.w.org\/{rel}","templated":true}]}}