{"id":16982,"date":"2016-08-19T13:00:07","date_gmt":"2016-08-19T16:00:07","guid":{"rendered":"http:\/\/www.yungayino.cl\/noticias\/?p=16982"},"modified":"2016-08-19T16:41:00","modified_gmt":"2016-08-19T19:41:00","slug":"14-vecinos-del-sector-cordillerano-de-santa-lucia-alto-de-yungay-son-certificados-en-curso-de-elaboracion-de-jabones-organizado-por-forestal-mininco","status":"publish","type":"post","link":"https:\/\/www.yungayino.cl\/noticias\/?p=16982","title":{"rendered":"14 Vecinos del Sector Cordillerano de Santa Lucia Alto de Yungay son Certificados en Curso de \u201cElaboraci\u00f3n de Jabones\u201d Organizado por Forestal Mininco"},"content":{"rendered":"<p><img loading=\"lazy\" decoding=\"async\" class=\"alignnone size-full wp-image-16983\" src=\"http:\/\/www.yungayino.cl\/noticias\/wp-content\/uploads\/2016\/08\/mininco_201608.jpg\" alt=\"mininco_201608\" width=\"700\" height=\"350\" srcset=\"https:\/\/www.yungayino.cl\/noticias\/wp-content\/uploads\/2016\/08\/mininco_201608.jpg 700w, https:\/\/www.yungayino.cl\/noticias\/wp-content\/uploads\/2016\/08\/mininco_201608-300x150.jpg 300w\" sizes=\"auto, (max-width: 700px) 100vw, 700px\" \/><\/p>\n<p style=\"text-align: justify;\">Yungay, viernes 19 de agosto 2016: Muy contentos se mostraron los 14 vecinos del Sector Cordillerano de Santa Lucia Alto de Yungay al finalizar y recibir su certificado tras participar del curso \u201cElaboraci\u00f3n de Jabones con Productos Naturales\u201d, con el objetivo de entregarles herramientas para que puedan desarrollar alg\u00fan nuevo emprendimiento.<\/p>\n<p style=\"text-align: justify;\">Destacar que esta excelente iniciativa fue desarrollada por la Empresa Forestal Mininco y Sence y que respondi\u00f3 a una necesidad de la comunidad por capacitarse y as\u00ed aprender alg\u00fan oficio, con lo que se pretende mejorar la calidad de vida de las personas de la comuna y como parte del Programa de Acciones de Buena Vecindad de Forestal Mininco.<\/p>\n<p style=\"text-align: justify;\"><iframe loading=\"lazy\" src=\"https:\/\/www.facebook.com\/plugins\/post.php?href=https:\/\/www.facebook.com\/media\/set\/?set=a.1375226085825760.1073742892.159561284058919&#038;type=1&#038;l=580c4d835b&#038;l=a77e327dc6&#038;l=f5951f1994&#038;l=bfecbb8adf&#038;l=687b6bf5da&#038;width=500&#038;show_text=true&#038;height=691&#038;appId\" width=\"500\" height=\"691\" style=\"border:none;overflow:hidden\" scrolling=\"no\" frameborder=\"0\" allowTransparency=\"true\"><\/iframe><\/p>\n<p style=\"text-align: justify;\">En la cita la concejala <strong>Ang\u00e9lica Cabezas<\/strong> y <strong>Nelson Burgos<\/strong> del SECPLAN destacaron el compromiso de los participantes y el esfuerzo de Forestal Mininco por realizar este tipo de capacitaciones, que va en directo beneficio de la comunidad y ayuda a las personas para que se sientan m\u00e1s capacitadas y con conocimientos para llevar a cabo un nuevo negocio y as\u00ed obtener ingresos para su hogar.<\/p>\n<p style=\"text-align: justify;\">Por su parte, <strong>Juan Carlos Mu\u00f1oz<\/strong>, representante de Forestal Mininco Zona Yungay, destaco el esfuerzo y la participaci\u00f3n de todos los vecinos participantes en esta capacitaci\u00f3n, adem\u00e1s de la unidad que demostraron y gran entusiasmo durante todo el tiempo que duro el curso.<\/p>\n<p style=\"text-align: justify;\"><strong>Gloria Valeria Quevedo<\/strong>, beneficiaria agradeci\u00f3 muy emocionada a la Empresa Forestal Mininco por esta oportunidad y experiencia de poder capacitarse, la que permiti\u00f3 reunirse con sus vecinos para aprender algo nuevo y que les servir\u00e1 en el futuro como herramienta fundamental para mejorar su calidad de vida, tambi\u00e9n mencion\u00f3 el apoyo siempre dado por la concejala Ang\u00e9lica Cabezas y el alcalde Pedro Inostroza, adem\u00e1s de la profesora Luzmila Henriquez.<\/p>\n<p style=\"text-align: justify;\">Finalmente los vecinos y asistente compartieron un almuerzo para celebrar este gran logro.<\/p>\n<p style=\"text-align: justify;\">FOTOGRAF\u00cdAS &#8211; 14 Vecinos del Sector Cordillerano de Santa Lucia Alto de Yungay son Certificados en Curso de \u201cElaboraci\u00f3n de Jabones\u201d Organizado por Forestal Mininco<\/p>\n","protected":false},"excerpt":{"rendered":"<p>Yungay, viernes 19 de agosto 2016: Muy contentos se mostraron los 14 vecinos del Sector Cordillerano de Santa Lucia Alto de Yungay al finalizar y recibir su certificado tras participar del curso \u201cElaboraci\u00f3n de&#46;&#46;&#46;<\/p>\n","protected":false},"author":2,"featured_media":16983,"comment_status":"open","ping_status":"open","sticky":false,"template":"","format":"standard","meta":{"footnotes":""},"categories":[1],"tags":[988,1115,8,6,117],"class_list":["post-16982","post","type-post","status-publish","format-standard","has-post-thumbnail","hentry","category-noticias","tag-forestal-mininco","tag-noticias","tag-yungay","tag-yungayino","tag-yungayinocl"],"_links":{"self":[{"href":"https:\/\/www.yungayino.cl\/noticias\/index.php?rest_route=\/wp\/v2\/posts\/16982","targetHints":{"allow":["GET"]}}],"collection":[{"href":"https:\/\/www.yungayino.cl\/noticias\/index.php?rest_route=\/wp\/v2\/posts"}],"about":[{"href":"https:\/\/www.yungayino.cl\/noticias\/index.php?rest_route=\/wp\/v2\/types\/post"}],"author":[{"embeddable":true,"href":"https:\/\/www.yungayino.cl\/noticias\/index.php?rest_route=\/wp\/v2\/users\/2"}],"replies":[{"embeddable":true,"href":"https:\/\/www.yungayino.cl\/noticias\/index.php?rest_route=%2Fwp%2Fv2%2Fcomments&post=16982"}],"version-history":[{"count":3,"href":"https:\/\/www.yungayino.cl\/noticias\/index.php?rest_route=\/wp\/v2\/posts\/16982\/revisions"}],"predecessor-version":[{"id":16986,"href":"https:\/\/www.yungayino.cl\/noticias\/index.php?rest_route=\/wp\/v2\/posts\/16982\/revisions\/16986"}],"wp:featuredmedia":[{"embeddable":true,"href":"https:\/\/www.yungayino.cl\/noticias\/index.php?rest_route=\/wp\/v2\/media\/16983"}],"wp:attachment":[{"href":"https:\/\/www.yungayino.cl\/noticias\/index.php?rest_route=%2Fwp%2Fv2%2Fmedia&parent=16982"}],"wp:term":[{"taxonomy":"category","embeddable":true,"href":"https:\/\/www.yungayino.cl\/noticias\/index.php?rest_route=%2Fwp%2Fv2%2Fcategories&post=16982"},{"taxonomy":"post_tag","embeddable":true,"href":"https:\/\/www.yungayino.cl\/noticias\/index.php?rest_route=%2Fwp%2Fv2%2Ftags&post=16982"}],"curies":[{"name":"wp","href":"https:\/\/api.w.org\/{rel}","templated":true}]}}