{"id":17042,"date":"2016-08-29T10:00:02","date_gmt":"2016-08-29T13:00:02","guid":{"rendered":"http:\/\/www.yungayino.cl\/noticias\/?p=17042"},"modified":"2016-08-29T15:10:03","modified_gmt":"2016-08-29T18:10:03","slug":"cicletada-familiar-se-desarrollo-en-yungay","status":"publish","type":"post","link":"https:\/\/www.yungayino.cl\/noticias\/?p=17042","title":{"rendered":"\u201cCicletada Familiar\u201d se Desarroll\u00f3 en Yungay"},"content":{"rendered":"<p><img loading=\"lazy\" decoding=\"async\" class=\"alignnone size-full wp-image-17043\" src=\"http:\/\/www.yungayino.cl\/noticias\/wp-content\/uploads\/2016\/08\/cicletada_201608.jpg\" alt=\"cicletada_201608\" width=\"700\" height=\"350\" srcset=\"https:\/\/www.yungayino.cl\/noticias\/wp-content\/uploads\/2016\/08\/cicletada_201608.jpg 700w, https:\/\/www.yungayino.cl\/noticias\/wp-content\/uploads\/2016\/08\/cicletada_201608-300x150.jpg 300w\" sizes=\"auto, (max-width: 700px) 100vw, 700px\" \/><\/p>\n<p style=\"text-align: justify;\">Yungay, lunes 29 de agosto 2016: Con gran alegr\u00eda y entusiasmo se desarroll\u00f3 este fin de semana la \u201cCicletada Familiar\u201d organizada por la Agrupaci\u00f3n <strong>MTB Sin Fronteras de Yungay<\/strong>, la cual cont\u00f3 con el apoyo de la Ilustre Municipalidad de Yungay y donde participaron grandes y chicos.<\/p>\n<p style=\"text-align: justify;\">\n<p style=\"text-align: justify;\"><iframe loading=\"lazy\" src=\"https:\/\/www.facebook.com\/plugins\/post.php?href=https:\/\/www.facebook.com\/media\/set\/?set=a.1385069014841467.1073742901.159561284058919&#038;type=1&#038;l=3a1276dc73&#038;l=a77e327dc6&#038;l=f5951f1994&#038;l=bfecbb8adf&#038;l=687b6bf5da&#038;width=500&#038;show_text=true&#038;height=691&#038;appId\" width=\"500\" height=\"691\" style=\"border:none;overflow:hidden\" scrolling=\"no\" frameborder=\"0\" allowTransparency=\"true\"><\/iframe>\n<\/p>\n<p style=\"text-align: justify;\">\n<p style=\"text-align: justify;\">\n<p style=\"text-align: justify;\">La actividad se inici\u00f3 frente a la Plaza de Armas y contemplo un recorrido por las calles de nuestra comuna con una distancia aproximada de 6 kil\u00f3metros, donde se destac\u00f3 el apoyo de Carabineros de la Cuarta Comisar\u00eda de Yungay para garantizar la seguridad de los participantes.<\/p>\n<p style=\"text-align: justify;\">Miguel Mart\u00ednez, Encargado de Turismo del Municipio destaco la actividad organizada por la Agrupaci\u00f3n MTB Sin Fronteras de Yungay, la cual es presidida por Bryan San Martin, donde el objetivo era dar un momento de esparcimiento deportivo para la familia y tambi\u00e9n promover la actividad deportiva y la vida saludable.<\/p>\n<p style=\"text-align: justify;\">Finalmente terminada la cicletada se hizo entrega de un Diploma de Participaci\u00f3n y entrega de premios a los participantes que se destacaron por sus compa\u00f1erismo, esfuerzo y puntualidad.<\/p>\n<p style=\"text-align: justify;\">\n<p style=\"text-align: justify;\">[su_button url=\u00bbhttps:\/\/www.facebook.com\/media\/set\/?set=a.1385069014841467.1073742901.159561284058919&amp;type=1&amp;l=3a1276dc73&#8243; target=\u00bbblank\u00bb size=\u00bb7&#8243; radius=\u00bbround\u00bb icon=\u00bbicon: facebook-square\u00bb]FOTOGRAF\u00cdAS &#8211; \u201cCicletada Familiar\u201d se Desarroll\u00f3 en Yungay[\/su_button]<\/p>\n","protected":false},"excerpt":{"rendered":"<p>Yungay, lunes 29 de agosto 2016: Con gran alegr\u00eda y entusiasmo se desarroll\u00f3 este fin de semana la \u201cCicletada Familiar\u201d organizada por la Agrupaci\u00f3n MTB Sin Fronteras de Yungay, la cual cont\u00f3 con el&#46;&#46;&#46;<\/p>\n","protected":false},"author":2,"featured_media":17043,"comment_status":"open","ping_status":"open","sticky":false,"template":"","format":"standard","meta":{"footnotes":""},"categories":[17,5,1],"tags":[1399,1398,1115,8,6,117],"class_list":["post-17042","post","type-post","status-publish","format-standard","has-post-thumbnail","hentry","category-deporte","category-eventos","category-noticias","tag-cicletada-familiar","tag-mtb-sin-fronteras","tag-noticias","tag-yungay","tag-yungayino","tag-yungayinocl"],"_links":{"self":[{"href":"https:\/\/www.yungayino.cl\/noticias\/index.php?rest_route=\/wp\/v2\/posts\/17042","targetHints":{"allow":["GET"]}}],"collection":[{"href":"https:\/\/www.yungayino.cl\/noticias\/index.php?rest_route=\/wp\/v2\/posts"}],"about":[{"href":"https:\/\/www.yungayino.cl\/noticias\/index.php?rest_route=\/wp\/v2\/types\/post"}],"author":[{"embeddable":true,"href":"https:\/\/www.yungayino.cl\/noticias\/index.php?rest_route=\/wp\/v2\/users\/2"}],"replies":[{"embeddable":true,"href":"https:\/\/www.yungayino.cl\/noticias\/index.php?rest_route=%2Fwp%2Fv2%2Fcomments&post=17042"}],"version-history":[{"count":1,"href":"https:\/\/www.yungayino.cl\/noticias\/index.php?rest_route=\/wp\/v2\/posts\/17042\/revisions"}],"predecessor-version":[{"id":17046,"href":"https:\/\/www.yungayino.cl\/noticias\/index.php?rest_route=\/wp\/v2\/posts\/17042\/revisions\/17046"}],"wp:featuredmedia":[{"embeddable":true,"href":"https:\/\/www.yungayino.cl\/noticias\/index.php?rest_route=\/wp\/v2\/media\/17043"}],"wp:attachment":[{"href":"https:\/\/www.yungayino.cl\/noticias\/index.php?rest_route=%2Fwp%2Fv2%2Fmedia&parent=17042"}],"wp:term":[{"taxonomy":"category","embeddable":true,"href":"https:\/\/www.yungayino.cl\/noticias\/index.php?rest_route=%2Fwp%2Fv2%2Fcategories&post=17042"},{"taxonomy":"post_tag","embeddable":true,"href":"https:\/\/www.yungayino.cl\/noticias\/index.php?rest_route=%2Fwp%2Fv2%2Ftags&post=17042"}],"curies":[{"name":"wp","href":"https:\/\/api.w.org\/{rel}","templated":true}]}}