{"id":17047,"date":"2016-08-29T12:00:12","date_gmt":"2016-08-29T15:00:12","guid":{"rendered":"http:\/\/www.yungayino.cl\/noticias\/?p=17047"},"modified":"2016-08-29T15:16:52","modified_gmt":"2016-08-29T18:16:52","slug":"posta-rural-de-san-antonio-de-yungay-celebro-su-aniversario-n-30","status":"publish","type":"post","link":"https:\/\/www.yungayino.cl\/noticias\/?p=17047","title":{"rendered":"Posta Rural de San Antonio de Yungay Celebro su Aniversario N\u00b0 30"},"content":{"rendered":"<p><img loading=\"lazy\" decoding=\"async\" class=\"alignnone size-full wp-image-17045\" src=\"http:\/\/www.yungayino.cl\/noticias\/wp-content\/uploads\/2016\/08\/san_antonio_posta_aniversario_2016.jpg\" alt=\"san_antonio_posta_aniversario_2016\" width=\"700\" height=\"350\" srcset=\"https:\/\/www.yungayino.cl\/noticias\/wp-content\/uploads\/2016\/08\/san_antonio_posta_aniversario_2016.jpg 700w, https:\/\/www.yungayino.cl\/noticias\/wp-content\/uploads\/2016\/08\/san_antonio_posta_aniversario_2016-300x150.jpg 300w\" sizes=\"auto, (max-width: 700px) 100vw, 700px\" \/><\/p>\n<p style=\"text-align: justify;\">Yungay, lunes 29 de agosto 2016: Con un acto se conmemoraron los 30 A\u00f1os de aniversario de la Posta Rural \u201cPedro Ben\u00edtez Murillo\u201d, ubicada en el Sector Cordillerano de San Antonio, a 22 kil\u00f3metros de Yungay.<\/p>\n<p style=\"text-align: justify;\">\n<p style=\"text-align: justify;\"><iframe loading=\"lazy\" src=\"https:\/\/www.facebook.com\/plugins\/post.php?href=https:\/\/www.facebook.com\/media\/set\/?set=a.1385075668174135.1073742902.159561284058919&#038;type=1&#038;l=1395d0d465&#038;l=a77e327dc6&#038;l=f5951f1994&#038;l=bfecbb8adf&#038;l=687b6bf5da&#038;width=500&#038;show_text=true&#038;height=691&#038;appId\" width=\"500\" height=\"691\" style=\"border:none;overflow:hidden\" scrolling=\"no\" frameborder=\"0\" allowTransparency=\"true\"><\/iframe>\n<\/p>\n<p style=\"text-align: justify;\">\n<p style=\"text-align: justify;\">\n<p style=\"text-align: justify;\">La actividad cont\u00f3 con la asistencia del alcalde Pedro Inostroza Valenzuela, Carolina Baeza Villa, Directora del Departamento de Salud Municipal, Andr\u00e9s Albornoz Carrillo, Director del Centro de Salud Familiar Campanario, Concejales, Autoridades locales, Dirigentes Vecinales y Vecinos del Sector.<\/p>\n<p style=\"text-align: justify;\">El alcalde Pedro Inostroza Valenzuela felicit\u00f3 a toda la comunidad y a los funcionarios de la Salud por este nuevo aniversario, tambi\u00e9n agradeci\u00f3 a la familia de don \u201cPedro Ben\u00edtez Murillo\u201d, quien fuera el que dono el terreno d\u00f3nde se ubica actualmente la posta y que favorece a m\u00e1s de 800 usuarios de los sectores de Santa Luc\u00eda Alto y Bajo, El Avellano, Los Mayos, Los Laureles y Ranchillo Calabozo.<\/p>\n<p style=\"text-align: justify;\">Destacar que durante el acto se realizaron presentaciones art\u00edsticas con la participaci\u00f3n de la comunidad escolar de la Escuela de Los Mayos y finalmente los presentes compartieron un coctel para celebrar un nuevo aniversario.<\/p>\n<p style=\"text-align: justify;\">\n<p style=\"text-align: justify;\">\n<p style=\"text-align: justify;\">[su_button url=\u00bbhttps:\/\/www.facebook.com\/media\/set\/?set=a.1385075668174135.1073742902.159561284058919&amp;type=1&amp;l=1395d0d465&#8243; target=\u00bbblank\u00bb size=\u00bb7&#8243; radius=\u00bbround\u00bb icon=\u00bbicon: facebook-square\u00bb]FOTOGRAF\u00cdAS &#8211; Posta Rural de San Antonio de Yungay Celebro su Aniversario N\u00b0 30[\/su_button]<\/p>\n","protected":false},"excerpt":{"rendered":"<p>Yungay, lunes 29 de agosto 2016: Con un acto se conmemoraron los 30 A\u00f1os de aniversario de la Posta Rural \u201cPedro Ben\u00edtez Murillo\u201d, ubicada en el Sector Cordillerano de San Antonio, a 22 kil\u00f3metros&#46;&#46;&#46;<\/p>\n","protected":false},"author":2,"featured_media":17045,"comment_status":"open","ping_status":"open","sticky":false,"template":"","format":"standard","meta":{"footnotes":""},"categories":[1],"tags":[1214,1115,1400,510,8,6,117],"class_list":["post-17047","post","type-post","status-publish","format-standard","has-post-thumbnail","hentry","category-noticias","tag-30-anos","tag-noticias","tag-porta-san-antonio","tag-san-antonio","tag-yungay","tag-yungayino","tag-yungayinocl"],"_links":{"self":[{"href":"https:\/\/www.yungayino.cl\/noticias\/index.php?rest_route=\/wp\/v2\/posts\/17047","targetHints":{"allow":["GET"]}}],"collection":[{"href":"https:\/\/www.yungayino.cl\/noticias\/index.php?rest_route=\/wp\/v2\/posts"}],"about":[{"href":"https:\/\/www.yungayino.cl\/noticias\/index.php?rest_route=\/wp\/v2\/types\/post"}],"author":[{"embeddable":true,"href":"https:\/\/www.yungayino.cl\/noticias\/index.php?rest_route=\/wp\/v2\/users\/2"}],"replies":[{"embeddable":true,"href":"https:\/\/www.yungayino.cl\/noticias\/index.php?rest_route=%2Fwp%2Fv2%2Fcomments&post=17047"}],"version-history":[{"count":1,"href":"https:\/\/www.yungayino.cl\/noticias\/index.php?rest_route=\/wp\/v2\/posts\/17047\/revisions"}],"predecessor-version":[{"id":17048,"href":"https:\/\/www.yungayino.cl\/noticias\/index.php?rest_route=\/wp\/v2\/posts\/17047\/revisions\/17048"}],"wp:featuredmedia":[{"embeddable":true,"href":"https:\/\/www.yungayino.cl\/noticias\/index.php?rest_route=\/wp\/v2\/media\/17045"}],"wp:attachment":[{"href":"https:\/\/www.yungayino.cl\/noticias\/index.php?rest_route=%2Fwp%2Fv2%2Fmedia&parent=17047"}],"wp:term":[{"taxonomy":"category","embeddable":true,"href":"https:\/\/www.yungayino.cl\/noticias\/index.php?rest_route=%2Fwp%2Fv2%2Fcategories&post=17047"},{"taxonomy":"post_tag","embeddable":true,"href":"https:\/\/www.yungayino.cl\/noticias\/index.php?rest_route=%2Fwp%2Fv2%2Ftags&post=17047"}],"curies":[{"name":"wp","href":"https:\/\/api.w.org\/{rel}","templated":true}]}}