{"id":17065,"date":"2016-08-30T20:00:11","date_gmt":"2016-08-30T23:00:11","guid":{"rendered":"http:\/\/www.yungayino.cl\/noticias\/?p=17065"},"modified":"2016-08-30T23:46:49","modified_gmt":"2016-08-31T02:46:49","slug":"pareja-de-yungay-participo-en-campeonato-provincial-de-cueca-adulto-mayor-en-la-comuna-de-el-carmen","status":"publish","type":"post","link":"https:\/\/www.yungayino.cl\/noticias\/?p=17065","title":{"rendered":"Pareja de Yungay Particip\u00f3 en \u201cCampeonato Provincial de Cueca Adulto Mayor\u201d en la Comuna de El Carmen"},"content":{"rendered":"<p><img loading=\"lazy\" decoding=\"async\" class=\"alignnone size-full wp-image-17063\" src=\"http:\/\/www.yungayino.cl\/noticias\/wp-content\/uploads\/2016\/08\/provincial_cueca_adultos_elcarmen_2016.jpg\" alt=\"provincial_cueca_adultos_elcarmen_2016\" width=\"700\" height=\"350\" srcset=\"https:\/\/www.yungayino.cl\/noticias\/wp-content\/uploads\/2016\/08\/provincial_cueca_adultos_elcarmen_2016.jpg 700w, https:\/\/www.yungayino.cl\/noticias\/wp-content\/uploads\/2016\/08\/provincial_cueca_adultos_elcarmen_2016-300x150.jpg 300w\" sizes=\"auto, (max-width: 700px) 100vw, 700px\" \/><\/p>\n<p style=\"text-align: justify;\">Yungay, martes 30 de agosto 2016: Una destacada participaci\u00f3n tuvo la pareja de adultos mayores compuesta por <strong>Trinidad Hern\u00e1ndez Su\u00e1rez<\/strong> y <strong>Jorge Vera Saavedra, <\/strong>quienes participaron en la XVIII Versi\u00f3n del Campeonato Provincial de Cueca del Adulto Mayor realizado en el Gimnasio de la Escuela de Navidad, localidad ubicada a 10 km de El Carmen, en la provincia de \u00d1uble.<\/p>\n<p style=\"text-align: justify;\">\n<p style=\"text-align: justify;\"><iframe loading=\"lazy\" src=\"https:\/\/www.facebook.com\/plugins\/post.php?href=https:\/\/www.facebook.com\/media\/set\/?set=a.1386350584713310.1073742906.159561284058919&#038;type=1&#038;l=0a6fe418ef&#038;l=a77e327dc6&#038;l=f5951f1994&#038;l=bfecbb8adf&#038;l=687b6bf5da&#038;width=500&#038;show_text=true&#038;height=691&#038;appId\" width=\"500\" height=\"691\" style=\"border:none;overflow:hidden\" scrolling=\"no\" frameborder=\"0\" allowTransparency=\"true\"><\/iframe>\n<\/p>\n<p style=\"text-align: justify;\">\n<p style=\"text-align: justify;\"><strong>\u00a0<\/strong><\/p>\n<p style=\"text-align: justify;\">La jornada estuvo encabezada por el alcalde Richard Irribarra, el Seremi de Desarrollo Social, Patricio Quilodr\u00e1n, la Gobernadora de \u00d1uble, Lorena Vera, la Directora Regional del Senama, Carol Lagos, alcaldes y concejales de las comunas participantes, adem\u00e1s de dirigentes y socios de los diferentes clubes de adultos mayores.<\/p>\n<p style=\"text-align: justify;\">Los Conjuntos Folcl\u00f3ricos Casta\u00f1al y Mapulhue fueron los encargado de la parte musical donde finalmente la pareja de la comuna de Quill\u00f3n conformada por Georgina Nova Ya\u00f1ez y Miguel Aravena Venegas obtuvo el primer lugar del certamen y representaran a la provincia de \u00d1uble en la fase regional.<\/p>\n<p style=\"text-align: justify;\">Finalmente se\u00f1alar que el Equipo del Portal Yungayino.cl acompa\u00f1o a la fase provincial a la pareja yungayina, la cual fue apoyada en todo momento por una numerosa delegaci\u00f3n de yungayinos.<\/p>\n<p style=\"text-align: justify;\">\n<p style=\"text-align: justify;\">[su_button url=\u00bbhttps:\/\/www.facebook.com\/media\/set\/?set=a.1386350584713310.1073742906.159561284058919&amp;type=1&amp;l=0a6fe418ef\u00bb target=\u00bbblank\u00bb size=\u00bb7&#8243; radius=\u00bbround\u00bb icon=\u00bbicon: facebook-square\u00bb]FOTOGRAF\u00cdAS &#8211; Pareja de Yungay Particip\u00f3 en \u201cCampeonato Provincial de Cueca Adulto Mayor\u201d en la Comuna de El Carmen[\/su_button]<\/p>\n","protected":false},"excerpt":{"rendered":"<p>Yungay, martes 30 de agosto 2016: Una destacada participaci\u00f3n tuvo la pareja de adultos mayores compuesta por Trinidad Hern\u00e1ndez Su\u00e1rez y Jorge Vera Saavedra, quienes participaron en la XVIII Versi\u00f3n del Campeonato Provincial de&#46;&#46;&#46;<\/p>\n","protected":false},"author":2,"featured_media":17063,"comment_status":"open","ping_status":"open","sticky":false,"template":"","format":"standard","meta":{"footnotes":""},"categories":[5,1],"tags":[1404,1194,1115,1403,8,6,117],"class_list":["post-17065","post","type-post","status-publish","format-standard","has-post-thumbnail","hentry","category-eventos","category-noticias","tag-cueca-adulto-mayor","tag-el-carmen","tag-noticias","tag-provincial","tag-yungay","tag-yungayino","tag-yungayinocl"],"_links":{"self":[{"href":"https:\/\/www.yungayino.cl\/noticias\/index.php?rest_route=\/wp\/v2\/posts\/17065","targetHints":{"allow":["GET"]}}],"collection":[{"href":"https:\/\/www.yungayino.cl\/noticias\/index.php?rest_route=\/wp\/v2\/posts"}],"about":[{"href":"https:\/\/www.yungayino.cl\/noticias\/index.php?rest_route=\/wp\/v2\/types\/post"}],"author":[{"embeddable":true,"href":"https:\/\/www.yungayino.cl\/noticias\/index.php?rest_route=\/wp\/v2\/users\/2"}],"replies":[{"embeddable":true,"href":"https:\/\/www.yungayino.cl\/noticias\/index.php?rest_route=%2Fwp%2Fv2%2Fcomments&post=17065"}],"version-history":[{"count":1,"href":"https:\/\/www.yungayino.cl\/noticias\/index.php?rest_route=\/wp\/v2\/posts\/17065\/revisions"}],"predecessor-version":[{"id":17066,"href":"https:\/\/www.yungayino.cl\/noticias\/index.php?rest_route=\/wp\/v2\/posts\/17065\/revisions\/17066"}],"wp:featuredmedia":[{"embeddable":true,"href":"https:\/\/www.yungayino.cl\/noticias\/index.php?rest_route=\/wp\/v2\/media\/17063"}],"wp:attachment":[{"href":"https:\/\/www.yungayino.cl\/noticias\/index.php?rest_route=%2Fwp%2Fv2%2Fmedia&parent=17065"}],"wp:term":[{"taxonomy":"category","embeddable":true,"href":"https:\/\/www.yungayino.cl\/noticias\/index.php?rest_route=%2Fwp%2Fv2%2Fcategories&post=17065"},{"taxonomy":"post_tag","embeddable":true,"href":"https:\/\/www.yungayino.cl\/noticias\/index.php?rest_route=%2Fwp%2Fv2%2Ftags&post=17065"}],"curies":[{"name":"wp","href":"https:\/\/api.w.org\/{rel}","templated":true}]}}