{"id":17076,"date":"2016-09-02T08:00:46","date_gmt":"2016-09-02T11:00:46","guid":{"rendered":"http:\/\/www.yungayino.cl\/noticias\/?p=17076"},"modified":"2016-09-02T09:43:05","modified_gmt":"2016-09-02T12:43:05","slug":"jornada-de-antitabaco-y-alimentacion-sana-se-realizo-en-yungay","status":"publish","type":"post","link":"https:\/\/www.yungayino.cl\/noticias\/?p=17076","title":{"rendered":"Jornada de \u201cAntitabaco y Alimentaci\u00f3n Sana\u201d se Realiz\u00f3 en Yungay"},"content":{"rendered":"<p><img loading=\"lazy\" decoding=\"async\" class=\"alignnone size-full wp-image-17077\" src=\"http:\/\/www.yungayino.cl\/noticias\/wp-content\/uploads\/2016\/09\/charla_salud_201609.jpg\" alt=\"charla_salud_201609\" width=\"700\" height=\"336\" srcset=\"https:\/\/www.yungayino.cl\/noticias\/wp-content\/uploads\/2016\/09\/charla_salud_201609.jpg 700w, https:\/\/www.yungayino.cl\/noticias\/wp-content\/uploads\/2016\/09\/charla_salud_201609-300x144.jpg 300w, https:\/\/www.yungayino.cl\/noticias\/wp-content\/uploads\/2016\/09\/charla_salud_201609-313x150.jpg 313w\" sizes=\"auto, (max-width: 700px) 100vw, 700px\" \/><\/p>\n<p style=\"text-align: justify;\">Yungay, viernes 02 de septiembre 2016: En las dependencias del Auditorio de la Biblioteca P\u00fablica se llev\u00f3 a cabo la exitosa sexta jornada de <strong>\u201cAntitabaco y Alimentaci\u00f3n Sana\u201d, <\/strong>como parte del Programa de Promoci\u00f3n de Salud de la comuna, donde asistieron y participaron m\u00e1s de 100 alumnos de los diferentes establecimientos educacionales de la comuna.<\/p>\n<p style=\"text-align: justify;\">\n<p style=\"text-align: justify;\"><iframe loading=\"lazy\" src=\"https:\/\/www.facebook.com\/plugins\/post.php?href=https:\/\/www.facebook.com\/media\/set\/?set=a.1388909417790760.1073742907.159561284058919&#038;type=1&#038;l=4b060fd785&#038;l=a77e327dc6&#038;l=f5951f1994&#038;l=bfecbb8adf&#038;l=687b6bf5da&#038;width=500&#038;show_text=true&#038;height=691&#038;appId\" width=\"500\" height=\"691\" style=\"border:none;overflow:hidden\" scrolling=\"no\" frameborder=\"0\" allowTransparency=\"true\"><\/iframe>\n<\/p>\n<p style=\"text-align: justify;\">\n<p style=\"text-align: justify;\">\n<p style=\"text-align: justify;\">La actividad se inici\u00f3 con la Charla de \u201cMotivaciones y Reafirmaciones a No Fumar\u201d, realizada por el Nutricionista del Cesfam de Campanario, Gerson Cortez para luego continuar con \u201cEfecto del Tabaco en la Salud\u201d ejecutada por el M\u00e9dico del Hospital de Yungay, Felipe Aedo para finalizar con la presentaci\u00f3n sobre \u201cNueva Ley de Etiquetado Nutricional\u201d presentada por los Nutricionistas.<\/p>\n<p style=\"text-align: justify;\"><strong>Carolina San Mart\u00edn, <\/strong>Asistente Social Cesfam Campanario se\u00f1alo al Equipo del Portal Yungayino.cl que esta actividad se realiz\u00f3 con el apoyo de colaboradores del Cefam Campanario, Hospital de Yungay y del Servicio Pa\u00eds, la cual cont\u00f3 con una muy buena asistencia, adem\u00e1s destac\u00f3 que en el futuro se realizar\u00e1n m\u00e1s actividades como cicletadas, maratones y una feria saludable para toda la comunidad, finalmente menciono que al terminar la jornada se realiz\u00f3 la entrega de pendones con material promocional de la Ley de Etiquetado Nutricional a los establecimientos educacionales.<\/p>\n<p style=\"text-align: justify;\">\n<p style=\"text-align: justify;\">[su_button url=\u00bbhttps:\/\/www.facebook.com\/media\/set\/?set=a.1388909417790760.1073742907.159561284058919&amp;type=1&amp;l=4b060fd785&#8243; target=\u00bbblank\u00bb size=\u00bb7&#8243; radius=\u00bbround\u00bb icon=\u00bbicon: facebook-square\u00bb]FOTOGRAF\u00cdAS &#8211; Jornada de \u201cAntitabaco y Alimentaci\u00f3n Sana\u201d se Realiz\u00f3 en Yungay[\/su_button]<\/p>\n<p>&nbsp;<\/p>\n","protected":false},"excerpt":{"rendered":"<p>Yungay, viernes 02 de septiembre 2016: En las dependencias del Auditorio de la Biblioteca P\u00fablica se llev\u00f3 a cabo la exitosa sexta jornada de \u201cAntitabaco y Alimentaci\u00f3n Sana\u201d, como parte del Programa de Promoci\u00f3n&#46;&#46;&#46;<\/p>\n","protected":false},"author":2,"featured_media":17077,"comment_status":"open","ping_status":"open","sticky":false,"template":"","format":"standard","meta":{"footnotes":""},"categories":[1],"tags":[786,1115,65,8,6,117],"class_list":["post-17076","post","type-post","status-publish","format-standard","has-post-thumbnail","hentry","category-noticias","tag-cesfam-campanario","tag-noticias","tag-salud","tag-yungay","tag-yungayino","tag-yungayinocl"],"_links":{"self":[{"href":"https:\/\/www.yungayino.cl\/noticias\/index.php?rest_route=\/wp\/v2\/posts\/17076","targetHints":{"allow":["GET"]}}],"collection":[{"href":"https:\/\/www.yungayino.cl\/noticias\/index.php?rest_route=\/wp\/v2\/posts"}],"about":[{"href":"https:\/\/www.yungayino.cl\/noticias\/index.php?rest_route=\/wp\/v2\/types\/post"}],"author":[{"embeddable":true,"href":"https:\/\/www.yungayino.cl\/noticias\/index.php?rest_route=\/wp\/v2\/users\/2"}],"replies":[{"embeddable":true,"href":"https:\/\/www.yungayino.cl\/noticias\/index.php?rest_route=%2Fwp%2Fv2%2Fcomments&post=17076"}],"version-history":[{"count":1,"href":"https:\/\/www.yungayino.cl\/noticias\/index.php?rest_route=\/wp\/v2\/posts\/17076\/revisions"}],"predecessor-version":[{"id":17078,"href":"https:\/\/www.yungayino.cl\/noticias\/index.php?rest_route=\/wp\/v2\/posts\/17076\/revisions\/17078"}],"wp:featuredmedia":[{"embeddable":true,"href":"https:\/\/www.yungayino.cl\/noticias\/index.php?rest_route=\/wp\/v2\/media\/17077"}],"wp:attachment":[{"href":"https:\/\/www.yungayino.cl\/noticias\/index.php?rest_route=%2Fwp%2Fv2%2Fmedia&parent=17076"}],"wp:term":[{"taxonomy":"category","embeddable":true,"href":"https:\/\/www.yungayino.cl\/noticias\/index.php?rest_route=%2Fwp%2Fv2%2Fcategories&post=17076"},{"taxonomy":"post_tag","embeddable":true,"href":"https:\/\/www.yungayino.cl\/noticias\/index.php?rest_route=%2Fwp%2Fv2%2Ftags&post=17076"}],"curies":[{"name":"wp","href":"https:\/\/api.w.org\/{rel}","templated":true}]}}