{"id":17079,"date":"2016-09-04T18:00:58","date_gmt":"2016-09-04T21:00:58","guid":{"rendered":"http:\/\/www.yungayino.cl\/noticias\/?p=17079"},"modified":"2016-09-04T22:48:46","modified_gmt":"2016-09-05T01:48:46","slug":"cesfam-campanario-celebro-aniversario-n-16","status":"publish","type":"post","link":"https:\/\/www.yungayino.cl\/noticias\/?p=17079","title":{"rendered":"CESFAM Campanario Celebr\u00f3 Aniversario N\u00b0 16"},"content":{"rendered":"<p><img loading=\"lazy\" decoding=\"async\" class=\"alignnone size-full wp-image-17080\" src=\"http:\/\/www.yungayino.cl\/noticias\/wp-content\/uploads\/2016\/09\/cesfam_campanario_aniversario_2016.jpg\" alt=\"cesfam_campanario_aniversario_2016\" width=\"700\" height=\"350\" srcset=\"https:\/\/www.yungayino.cl\/noticias\/wp-content\/uploads\/2016\/09\/cesfam_campanario_aniversario_2016.jpg 700w, https:\/\/www.yungayino.cl\/noticias\/wp-content\/uploads\/2016\/09\/cesfam_campanario_aniversario_2016-300x150.jpg 300w\" sizes=\"auto, (max-width: 700px) 100vw, 700px\" \/><\/p>\n<p style=\"text-align: justify;\">Campanario, domingo 04 de septiembre 2016: El viernes 2 de septiembre se celebr\u00f3 el aniversario n\u00famero 16 del Consultorio General Rural de Campanario, dependiente de la administraci\u00f3n de la Municipalidad de Yungay a trav\u00e9s del Departamento de Salud Municipal.<\/p>\n<p style=\"text-align: justify;\">\n<p style=\"text-align: justify;\"><iframe loading=\"lazy\" src=\"https:\/\/www.facebook.com\/plugins\/post.php?href=https:\/\/www.facebook.com\/media\/set\/?set=a.1391560927525609.1073742908.159561284058919&#038;type=1&#038;l=b308f50153&#038;l=a77e327dc6&#038;l=f5951f1994&#038;l=bfecbb8adf&#038;l=687b6bf5da&#038;width=500&#038;show_text=true&#038;height=691&#038;appId\" width=\"500\" height=\"691\" style=\"border:none;overflow:hidden\" scrolling=\"no\" frameborder=\"0\" allowTransparency=\"true\"><\/iframe>\n<\/p>\n<p style=\"text-align: justify;\">\n<p style=\"text-align: justify;\">\n<p style=\"text-align: justify;\">La actividad estuvo encabezada por la Directora del Departamento de Salud Municipal, Carolina Baeza, el Director del CESFAM Campanario, Andr\u00e9s Albornoz, la Jefa DIDECO, Marcia Ortiz, Concejales, Representantes del Consejo Desarrollo Local Cesfam Campanario, autoridades locales y p\u00fablico en general.<\/p>\n<p style=\"text-align: justify;\">La ceremonia se inici\u00f3 con la interpretaci\u00f3n del Himno Nacional para continuar con una destacada participaci\u00f3n de los alumnos de la Escuela Especial de Lenguaje \u201cPinares\u201d de Campanario, quienes realizaron presentaciones de n\u00fameros art\u00edsticos.<\/p>\n<p style=\"text-align: justify;\">Tambi\u00e9n en la ocasi\u00f3n se hizo entrega de reconocimientos a los siguientes funcionarios por su destacada labor y servicio en el CESFAM.<\/p>\n<ul style=\"text-align: justify;\">\n<li>Robert S\u00e1ez Mora, 15 a\u00f1os de servicio.<\/li>\n<li>Beatriz Romero Concha, 20 a\u00f1os de servicio.<\/li>\n<li>Daniel Guti\u00e9rrez Vega 30 a\u00f1os de servicio.<\/li>\n<\/ul>\n<p style=\"text-align: justify;\">Finalmente los presentes compartieron un c\u00f3ctel para celebrar los 16 a\u00f1os de vida del CESFAM Campanario.<\/p>\n<p style=\"text-align: justify;\">\n<p style=\"text-align: justify;\">[su_button url=\u00bbhttps:\/\/www.facebook.com\/media\/set\/?set=a.1391560927525609.1073742908.159561284058919&amp;type=1&amp;l=b308f50153&#8243; target=\u00bbblank\u00bb size=\u00bb7&#8243; radius=\u00bbround\u00bb icon=\u00bbicon: facebook-square\u00bb]FOTOGRAF\u00cdAS &#8211; CESFAM Campanario Celebr\u00f3 Aniversario N\u00b0 16[\/su_button]<\/p>\n","protected":false},"excerpt":{"rendered":"<p>Campanario, domingo 04 de septiembre 2016: El viernes 2 de septiembre se celebr\u00f3 el aniversario n\u00famero 16 del Consultorio General Rural de Campanario, dependiente de la administraci\u00f3n de la Municipalidad de Yungay a trav\u00e9s&#46;&#46;&#46;<\/p>\n","protected":false},"author":2,"featured_media":17080,"comment_status":"open","ping_status":"open","sticky":false,"template":"","format":"standard","meta":{"footnotes":""},"categories":[5,1],"tags":[1408,31,1407,1115,8,6,117],"class_list":["post-17079","post","type-post","status-publish","format-standard","has-post-thumbnail","hentry","category-eventos","category-noticias","tag-aniversario-16","tag-campanario","tag-cefam","tag-noticias","tag-yungay","tag-yungayino","tag-yungayinocl"],"_links":{"self":[{"href":"https:\/\/www.yungayino.cl\/noticias\/index.php?rest_route=\/wp\/v2\/posts\/17079","targetHints":{"allow":["GET"]}}],"collection":[{"href":"https:\/\/www.yungayino.cl\/noticias\/index.php?rest_route=\/wp\/v2\/posts"}],"about":[{"href":"https:\/\/www.yungayino.cl\/noticias\/index.php?rest_route=\/wp\/v2\/types\/post"}],"author":[{"embeddable":true,"href":"https:\/\/www.yungayino.cl\/noticias\/index.php?rest_route=\/wp\/v2\/users\/2"}],"replies":[{"embeddable":true,"href":"https:\/\/www.yungayino.cl\/noticias\/index.php?rest_route=%2Fwp%2Fv2%2Fcomments&post=17079"}],"version-history":[{"count":1,"href":"https:\/\/www.yungayino.cl\/noticias\/index.php?rest_route=\/wp\/v2\/posts\/17079\/revisions"}],"predecessor-version":[{"id":17083,"href":"https:\/\/www.yungayino.cl\/noticias\/index.php?rest_route=\/wp\/v2\/posts\/17079\/revisions\/17083"}],"wp:featuredmedia":[{"embeddable":true,"href":"https:\/\/www.yungayino.cl\/noticias\/index.php?rest_route=\/wp\/v2\/media\/17080"}],"wp:attachment":[{"href":"https:\/\/www.yungayino.cl\/noticias\/index.php?rest_route=%2Fwp%2Fv2%2Fmedia&parent=17079"}],"wp:term":[{"taxonomy":"category","embeddable":true,"href":"https:\/\/www.yungayino.cl\/noticias\/index.php?rest_route=%2Fwp%2Fv2%2Fcategories&post=17079"},{"taxonomy":"post_tag","embeddable":true,"href":"https:\/\/www.yungayino.cl\/noticias\/index.php?rest_route=%2Fwp%2Fv2%2Ftags&post=17079"}],"curies":[{"name":"wp","href":"https:\/\/api.w.org\/{rel}","templated":true}]}}