{"id":17091,"date":"2016-09-07T10:00:04","date_gmt":"2016-09-07T13:00:04","guid":{"rendered":"http:\/\/www.yungayino.cl\/noticias\/?p=17091"},"modified":"2016-09-07T13:11:56","modified_gmt":"2016-09-07T16:11:56","slug":"liceo-tecnico-profesional-de-campanario-realizo-su-primera-ceremonia-de-titulacion-de-tecnicos-profesionales","status":"publish","type":"post","link":"https:\/\/www.yungayino.cl\/noticias\/?p=17091","title":{"rendered":"Liceo T\u00e9cnico Profesional de Campanario Realiz\u00f3 su Primera Ceremonia de Titulaci\u00f3n de T\u00e9cnicos Profesionales"},"content":{"rendered":"<p><img loading=\"lazy\" decoding=\"async\" class=\"alignnone size-full wp-image-17092\" src=\"http:\/\/www.yungayino.cl\/noticias\/wp-content\/uploads\/2016\/09\/liceo_campanario_licenciatura_2016.jpg\" alt=\"liceo_campanario_licenciatura_2016\" width=\"700\" height=\"350\" srcset=\"https:\/\/www.yungayino.cl\/noticias\/wp-content\/uploads\/2016\/09\/liceo_campanario_licenciatura_2016.jpg 700w, https:\/\/www.yungayino.cl\/noticias\/wp-content\/uploads\/2016\/09\/liceo_campanario_licenciatura_2016-300x150.jpg 300w\" sizes=\"auto, (max-width: 700px) 100vw, 700px\" \/><\/p>\n<p style=\"text-align: justify;\">Yungay, mi\u00e9rcoles 07 septiembre 2016: En las dependencias del Auditorio de la Biblioteca Oreste Montero se realiz\u00f3 el pasado viernes 2 de septiembre, la Primera Ceremonia de Titulaci\u00f3n de la Especialidades de <strong>\u201cAtenci\u00f3n en P\u00e1rvulo\u201d<\/strong> y <strong>\u201cMec\u00e1nica Industrial\u201d <\/strong>del Liceo T\u00e9cnico Profesional de Campanario<\/p>\n<p style=\"text-align: justify;\">Para esta emotiva actividad, se cont\u00f3 con la presencia del alcalde Pedro Inostroza Valenzuela, la Jefa DAEM, Eugenia L\u00f3pez Hern\u00e1ndez, Concejales, Directores de los Diferentes Establecimientos de la comuna, representantes del Consejo Asesor Empresarial, autoridades comunales e invitados especiales que acompa\u00f1aron en esta ceremonia, as\u00ed como tambi\u00e9n, de diferentes puntos art\u00edsticos que dieron mayor realce a esta Titulaci\u00f3n.<\/p>\n<p style=\"text-align: justify;\">\n<p style=\"text-align: justify;\"><iframe loading=\"lazy\" src=\"https:\/\/www.facebook.com\/plugins\/post.php?href=https:\/\/www.facebook.com\/media\/set\/?set=a.1394405663907802.1073742911.159561284058919&#038;type=1&#038;l=2afef0a927&#038;l=a77e327dc6&#038;l=f5951f1994&#038;l=bfecbb8adf&#038;l=687b6bf5da&#038;width=500&#038;show_text=true&#038;height=691&#038;appId\" width=\"500\" height=\"691\" style=\"border:none;overflow:hidden\" scrolling=\"no\" frameborder=\"0\" allowTransparency=\"true\"><\/iframe>\n<\/p>\n<p style=\"text-align: justify;\">\n<p style=\"text-align: justify;\">\n<p style=\"text-align: justify;\">La ceremonia se inici\u00f3 con el saludo a las autoridades, para luego dar la bienvenida a los Estudiantes egresados y continuar con la interpretaci\u00f3n del Himno Nacional dirigido por el Profesor Ernesto Borquez C\u00e1rdenas.<\/p>\n<p style=\"text-align: justify;\"><strong>Eugenia L\u00f3pez Hern\u00e1ndez<\/strong>, Jefa DAEM destaco en su discurso que el \u00e1rea de educaci\u00f3n t\u00e9cnico profesional, tiene la responsabilidad de entregar a los j\u00f3venes una formaci\u00f3n integral en el \u00e1mbito de una especialidad que facilite su inserci\u00f3n laboral y adem\u00e1s les permita continuar estudios superiores, por lo que era necesario establecer esta ceremonia como un hito que realce este tipo de educaci\u00f3n y que hoy en nuestra comuna se est\u00e1 haciendo realidad un sue\u00f1o, el sue\u00f1o de formar T\u00e9cnicos Profesionales de Excelencia Acad\u00e9mica y de solidos valores para que se desarrollen en el futuro.<\/p>\n<p style=\"text-align: justify;\"><strong>Carmen Panes Cid, <\/strong>Directora del Liceo T\u00e9cnico Profesional Campanario fue la encargada de entregar los T\u00edtulos cada uno de los nuevos Profesionales destacando su alegr\u00eda y satisfacci\u00f3n, ya que hace 4 a\u00f1os se inici\u00f3 este sue\u00f1o de toda la Comunidad de Campanario, y que hoy es una realidad como lo son los primeros T\u00e9cnicos Profesionales, a quienes se les entrego herramientas que les permitir\u00e1 enfrentar la vida laboral con m\u00e1s seguridad, confianza y esperanza en el futuro.<\/p>\n<p style=\"text-align: justify;\">Tambi\u00e9n durante la ceremonia se hizo entrega de reconocimiento a los alumnos que se destacaron durante su formaci\u00f3n t\u00e9cnica y la realizaci\u00f3n de su pr\u00e1ctica profesional la cual recay\u00f3 en Byron Fuentealba Quezada, Aid\u00e9 Bel\u00e9n Roca y Nicol\u00e1s Altamirano Castillo.<\/p>\n<p style=\"text-align: justify;\">Finalmente terminada la entrega de t\u00edtulos y reconocimiento se llev\u00f3 a cabo un coctel para celebrar<\/p>\n<p style=\"text-align: justify;\">\n<p style=\"text-align: justify;\">[su_button url=\u00bbhttps:\/\/www.facebook.com\/media\/set\/?set=a.1394405663907802.1073742911.159561284058919&amp;type=1&amp;l=2afef0a927&#8243; target=\u00bbblank\u00bb size=\u00bb7&#8243; radius=\u00bbround\u00bb icon=\u00bbicon: facebook-square\u00bb]FOTOGRAF\u00cdAS &#8211; Liceo T\u00e9cnico Profesional de Campanario Realiz\u00f3 su Primera Ceremonia de Titulaci\u00f3n de T\u00e9cnicos Profesionales[\/su_button]<\/p>\n","protected":false},"excerpt":{"rendered":"<p>Yungay, mi\u00e9rcoles 07 septiembre 2016: En las dependencias del Auditorio de la Biblioteca Oreste Montero se realiz\u00f3 el pasado viernes 2 de septiembre, la Primera Ceremonia de Titulaci\u00f3n de la Especialidades de \u201cAtenci\u00f3n en&#46;&#46;&#46;<\/p>\n","protected":false},"author":2,"featured_media":17092,"comment_status":"open","ping_status":"open","sticky":false,"template":"","format":"standard","meta":{"footnotes":""},"categories":[3,5,1],"tags":[771,1115,8,6,117],"class_list":["post-17091","post","type-post","status-publish","format-standard","has-post-thumbnail","hentry","category-actualidad","category-eventos","category-noticias","tag-liceo-campanario","tag-noticias","tag-yungay","tag-yungayino","tag-yungayinocl"],"_links":{"self":[{"href":"https:\/\/www.yungayino.cl\/noticias\/index.php?rest_route=\/wp\/v2\/posts\/17091","targetHints":{"allow":["GET"]}}],"collection":[{"href":"https:\/\/www.yungayino.cl\/noticias\/index.php?rest_route=\/wp\/v2\/posts"}],"about":[{"href":"https:\/\/www.yungayino.cl\/noticias\/index.php?rest_route=\/wp\/v2\/types\/post"}],"author":[{"embeddable":true,"href":"https:\/\/www.yungayino.cl\/noticias\/index.php?rest_route=\/wp\/v2\/users\/2"}],"replies":[{"embeddable":true,"href":"https:\/\/www.yungayino.cl\/noticias\/index.php?rest_route=%2Fwp%2Fv2%2Fcomments&post=17091"}],"version-history":[{"count":1,"href":"https:\/\/www.yungayino.cl\/noticias\/index.php?rest_route=\/wp\/v2\/posts\/17091\/revisions"}],"predecessor-version":[{"id":17093,"href":"https:\/\/www.yungayino.cl\/noticias\/index.php?rest_route=\/wp\/v2\/posts\/17091\/revisions\/17093"}],"wp:featuredmedia":[{"embeddable":true,"href":"https:\/\/www.yungayino.cl\/noticias\/index.php?rest_route=\/wp\/v2\/media\/17092"}],"wp:attachment":[{"href":"https:\/\/www.yungayino.cl\/noticias\/index.php?rest_route=%2Fwp%2Fv2%2Fmedia&parent=17091"}],"wp:term":[{"taxonomy":"category","embeddable":true,"href":"https:\/\/www.yungayino.cl\/noticias\/index.php?rest_route=%2Fwp%2Fv2%2Fcategories&post=17091"},{"taxonomy":"post_tag","embeddable":true,"href":"https:\/\/www.yungayino.cl\/noticias\/index.php?rest_route=%2Fwp%2Fv2%2Ftags&post=17091"}],"curies":[{"name":"wp","href":"https:\/\/api.w.org\/{rel}","templated":true}]}}