{"id":17094,"date":"2016-09-07T18:00:59","date_gmt":"2016-09-07T21:00:59","guid":{"rendered":"http:\/\/www.yungayino.cl\/noticias\/?p=17094"},"modified":"2016-09-07T20:46:31","modified_gmt":"2016-09-07T23:46:31","slug":"internos-del-centro-detencion-preventiva-de-yungay-participaron-en-concurso-de-pintura-organizado-por-el-daem-2","status":"publish","type":"post","link":"https:\/\/www.yungayino.cl\/noticias\/?p=17094","title":{"rendered":"Internos del Centro Detenci\u00f3n Preventiva de Yungay Participaron en Concurso de Pintura Organizado por el DAEM"},"content":{"rendered":"<p><img loading=\"lazy\" decoding=\"async\" class=\"alignnone size-full wp-image-17095\" src=\"http:\/\/www.yungayino.cl\/noticias\/wp-content\/uploads\/2016\/09\/carcel_concurso_pintura_2016.jpg\" alt=\"carcel_concurso_pintura_2016\" width=\"700\" height=\"350\" srcset=\"https:\/\/www.yungayino.cl\/noticias\/wp-content\/uploads\/2016\/09\/carcel_concurso_pintura_2016.jpg 700w, https:\/\/www.yungayino.cl\/noticias\/wp-content\/uploads\/2016\/09\/carcel_concurso_pintura_2016-300x150.jpg 300w\" sizes=\"auto, (max-width: 700px) 100vw, 700px\" \/><\/p>\n<p style=\"text-align: justify;\">Yungay, mi\u00e9rcoles 07 de septiembre 2016: En las dependencias del Centro Detenci\u00f3n Preventiva de nuestra comuna en la semana reci\u00e9n pasada se llev\u00f3 a cabo al igual que en versiones anteriores un concurso de Pintura en alusi\u00f3n al \u201cMes de la Monta\u00f1a\u201d, donde 25 internos participaron con mucho entusiasmo.<\/p>\n<p style=\"text-align: justify;\">\n<p style=\"text-align: justify;\"><iframe loading=\"lazy\" src=\"https:\/\/www.facebook.com\/plugins\/post.php?href=https:\/\/www.facebook.com\/media\/set\/?set=a.1394814503866918.1073742912.159561284058919&#038;type=1&#038;l=cc10bbf1aa&#038;l=a77e327dc6&#038;l=f5951f1994&#038;l=bfecbb8adf&#038;l=687b6bf5da&#038;width=500&#038;show_text=true&#038;height=691&#038;appId\" width=\"500\" height=\"691\" style=\"border:none;overflow:hidden\" scrolling=\"no\" frameborder=\"0\" allowTransparency=\"true\"><\/iframe>\n<\/p>\n<p style=\"text-align: justify;\">\n<p style=\"text-align: justify;\">\n<p style=\"text-align: justify;\">La actividad fue organizada por el \u00c1rea Extraescolar del Departamento de Educaci\u00f3n Municipal (DAEM), quienes les proporcionaron todos los materiales como tempera, pincel, cart\u00f3n piedra y l\u00e1piz grafito para que ejecutaran sus trabajos as\u00ed lo se\u00f1alo al Equipo del Portal Yungayino.cl, Natalia Caama\u00f1o Valderrama, Licenciada en Educaci\u00f3n Pedagog\u00eda en Ciencias Naturales.<\/p>\n<p style=\"text-align: justify;\">Finalmente terminado el concurso se les hizo entrega a Diplomas y Premios a los participantes, d\u00f3nde los ganadores de esta versi\u00f3n fueron:<\/p>\n<p style=\"text-align: justify;\">1\u00b0 Lugar: V\u00edctor Cabezas Candia<\/p>\n<p style=\"text-align: justify;\">2\u00b0 Lugar: Rodrigo Almendras Toro<\/p>\n<p style=\"text-align: justify;\">\n<p style=\"text-align: justify;\">[su_button url=\u00bbhttps:\/\/www.facebook.com\/media\/set\/?set=a.1394814503866918.1073742912.159561284058919&amp;type=1&amp;l=cc10bbf1aa\u00bb target=\u00bbblank\u00bb size=\u00bb7&#8243; radius=\u00bbround\u00bb icon=\u00bbicon: facebook-square\u00bb]FOTOGRAF\u00cdAS &#8211; Internos del Centro Detenci\u00f3n Preventiva de Yungay Participaron en Concurso de Pintura Organizado por el DAEM[\/su_button]<\/p>\n","protected":false},"excerpt":{"rendered":"<p>Yungay, mi\u00e9rcoles 07 de septiembre 2016: En las dependencias del Centro Detenci\u00f3n Preventiva de nuestra comuna en la semana reci\u00e9n pasada se llev\u00f3 a cabo al igual que en versiones anteriores un concurso de&#46;&#46;&#46;<\/p>\n","protected":false},"author":2,"featured_media":17095,"comment_status":"open","ping_status":"open","sticky":false,"template":"","format":"standard","meta":{"footnotes":""},"categories":[1],"tags":[494,375,1115,8,6,117],"class_list":["post-17094","post","type-post","status-publish","format-standard","has-post-thumbnail","hentry","category-noticias","tag-carcel","tag-concurso-pintura","tag-noticias","tag-yungay","tag-yungayino","tag-yungayinocl"],"_links":{"self":[{"href":"https:\/\/www.yungayino.cl\/noticias\/index.php?rest_route=\/wp\/v2\/posts\/17094","targetHints":{"allow":["GET"]}}],"collection":[{"href":"https:\/\/www.yungayino.cl\/noticias\/index.php?rest_route=\/wp\/v2\/posts"}],"about":[{"href":"https:\/\/www.yungayino.cl\/noticias\/index.php?rest_route=\/wp\/v2\/types\/post"}],"author":[{"embeddable":true,"href":"https:\/\/www.yungayino.cl\/noticias\/index.php?rest_route=\/wp\/v2\/users\/2"}],"replies":[{"embeddable":true,"href":"https:\/\/www.yungayino.cl\/noticias\/index.php?rest_route=%2Fwp%2Fv2%2Fcomments&post=17094"}],"version-history":[{"count":1,"href":"https:\/\/www.yungayino.cl\/noticias\/index.php?rest_route=\/wp\/v2\/posts\/17094\/revisions"}],"predecessor-version":[{"id":17096,"href":"https:\/\/www.yungayino.cl\/noticias\/index.php?rest_route=\/wp\/v2\/posts\/17094\/revisions\/17096"}],"wp:featuredmedia":[{"embeddable":true,"href":"https:\/\/www.yungayino.cl\/noticias\/index.php?rest_route=\/wp\/v2\/media\/17095"}],"wp:attachment":[{"href":"https:\/\/www.yungayino.cl\/noticias\/index.php?rest_route=%2Fwp%2Fv2%2Fmedia&parent=17094"}],"wp:term":[{"taxonomy":"category","embeddable":true,"href":"https:\/\/www.yungayino.cl\/noticias\/index.php?rest_route=%2Fwp%2Fv2%2Fcategories&post=17094"},{"taxonomy":"post_tag","embeddable":true,"href":"https:\/\/www.yungayino.cl\/noticias\/index.php?rest_route=%2Fwp%2Fv2%2Ftags&post=17094"}],"curies":[{"name":"wp","href":"https:\/\/api.w.org\/{rel}","templated":true}]}}