{"id":17107,"date":"2016-09-09T10:00:24","date_gmt":"2016-09-09T13:00:24","guid":{"rendered":"http:\/\/www.yungayino.cl\/noticias\/?p=17107"},"modified":"2016-09-09T16:25:22","modified_gmt":"2016-09-09T19:25:22","slug":"emotiva-ceremonia-de-despedida-se-realizo-a-cuatro-profesores-de-la-escuela-fernando-baquedano-2","status":"publish","type":"post","link":"https:\/\/www.yungayino.cl\/noticias\/?p=17107","title":{"rendered":"Emotiva Ceremonia de Despedida se Realiz\u00f3 a Cuatro Profesores de la Escuela Fernando Baquedano"},"content":{"rendered":"<p><img loading=\"lazy\" decoding=\"async\" class=\"alignnone size-full wp-image-17108\" src=\"http:\/\/www.yungayino.cl\/noticias\/wp-content\/uploads\/2016\/09\/profesores_despedida_201609.jpg\" alt=\"profesores_despedida_201609\" width=\"700\" height=\"393\" srcset=\"https:\/\/www.yungayino.cl\/noticias\/wp-content\/uploads\/2016\/09\/profesores_despedida_201609.jpg 700w, https:\/\/www.yungayino.cl\/noticias\/wp-content\/uploads\/2016\/09\/profesores_despedida_201609-300x168.jpg 300w, https:\/\/www.yungayino.cl\/noticias\/wp-content\/uploads\/2016\/09\/profesores_despedida_201609-267x150.jpg 267w\" sizes=\"auto, (max-width: 700px) 100vw, 700px\" \/><\/p>\n<p style=\"text-align: justify;\">Yungay, viernes 9 de septiembre 2016: Con un emotivo acto realizado en las dependencias de la Biblioteca P\u00fablica Oreste Montero, la Escuela Fernando Baquedano despidi\u00f3 oficialmente a los profesores <strong>Sergio Sanhueza Soto, Olivia Vallejos Mu\u00f1oz, Sergio Cifuentes Urbano y Mario Salinas Silva<\/strong>, que se acogieron a jubilaci\u00f3n luego de ejercer su labor docente por varias d\u00e9cadas en la comuna, los cuales recibieron un merecido homenaje de parte de funcionarios, estudiantes y apoderados de dicha unidad educativa.<\/p>\n<p style=\"text-align: justify;\">\n<p style=\"text-align: justify;\"><iframe loading=\"lazy\" src=\"https:\/\/www.facebook.com\/plugins\/post.php?href=https:\/\/www.facebook.com\/media\/set\/?set=a.1396688750346160.1073742916.159561284058919&#038;type=1&#038;l=81a7cd654a&#038;l=a77e327dc6&#038;l=f5951f1994&#038;l=bfecbb8adf&#038;l=687b6bf5da&#038;width=500&#038;show_text=true&#038;height=691&#038;appId\" width=\"500\" height=\"691\" style=\"border:none;overflow:hidden\" scrolling=\"no\" frameborder=\"0\" allowTransparency=\"true\"><\/iframe>\n<\/p>\n<p style=\"text-align: justify;\">\n<p style=\"text-align: justify;\">\n<p style=\"text-align: justify;\">Emotivos discursos, n\u00fameros art\u00edsticos y entrega de reconocimientos marcaron la jornada en que la Escuela Fernando Baquedano despidi\u00f3 a este grupo de docentes, que luego de cumplir una dilatada y fruct\u00edfera labor formativa se acogieron a retiro.<\/p>\n<p style=\"text-align: justify;\">Finalmente se\u00f1alar que la ceremonia cont\u00f3 con la presencia de Alexis P\u00e9rez, en representaci\u00f3n del Municipio, concejales, el cuerpo de profesores del establecimiento, encabezados por el Director Juan Francisco Troncoso y representantes del centro de padres, apoderados, familiares y el Departamento DAEM.<\/p>\n<p style=\"text-align: justify;\">\n<p style=\"text-align: justify;\">[su_button url=\u00bbhttps:\/\/www.facebook.com\/media\/set\/?set=a.1396688750346160.1073742916.159561284058919&amp;type=1&amp;l=81a7cd654a\u00bb target=\u00bbblank\u00bb size=\u00bb7&#8243; radius=\u00bbround\u00bb icon=\u00bbicon: facebook-square\u00bb]FOTOGRAF\u00cdAS &#8211; Emotiva Ceremonia de Despedida se Realiz\u00f3 a Cuatro Profesores de la Escuela Fernando Baquedano[\/su_button]<\/p>\n","protected":false},"excerpt":{"rendered":"<p>Yungay, viernes 9 de septiembre 2016: Con un emotivo acto realizado en las dependencias de la Biblioteca P\u00fablica Oreste Montero, la Escuela Fernando Baquedano despidi\u00f3 oficialmente a los profesores Sergio Sanhueza Soto, Olivia Vallejos&#46;&#46;&#46;<\/p>\n","protected":false},"author":2,"featured_media":17108,"comment_status":"open","ping_status":"open","sticky":false,"template":"","format":"standard","meta":{"footnotes":""},"categories":[1],"tags":[1411,1115,8,6,117],"class_list":["post-17107","post","type-post","status-publish","format-standard","has-post-thumbnail","hentry","category-noticias","tag-despedida-profesores","tag-noticias","tag-yungay","tag-yungayino","tag-yungayinocl"],"_links":{"self":[{"href":"https:\/\/www.yungayino.cl\/noticias\/index.php?rest_route=\/wp\/v2\/posts\/17107","targetHints":{"allow":["GET"]}}],"collection":[{"href":"https:\/\/www.yungayino.cl\/noticias\/index.php?rest_route=\/wp\/v2\/posts"}],"about":[{"href":"https:\/\/www.yungayino.cl\/noticias\/index.php?rest_route=\/wp\/v2\/types\/post"}],"author":[{"embeddable":true,"href":"https:\/\/www.yungayino.cl\/noticias\/index.php?rest_route=\/wp\/v2\/users\/2"}],"replies":[{"embeddable":true,"href":"https:\/\/www.yungayino.cl\/noticias\/index.php?rest_route=%2Fwp%2Fv2%2Fcomments&post=17107"}],"version-history":[{"count":1,"href":"https:\/\/www.yungayino.cl\/noticias\/index.php?rest_route=\/wp\/v2\/posts\/17107\/revisions"}],"predecessor-version":[{"id":17109,"href":"https:\/\/www.yungayino.cl\/noticias\/index.php?rest_route=\/wp\/v2\/posts\/17107\/revisions\/17109"}],"wp:featuredmedia":[{"embeddable":true,"href":"https:\/\/www.yungayino.cl\/noticias\/index.php?rest_route=\/wp\/v2\/media\/17108"}],"wp:attachment":[{"href":"https:\/\/www.yungayino.cl\/noticias\/index.php?rest_route=%2Fwp%2Fv2%2Fmedia&parent=17107"}],"wp:term":[{"taxonomy":"category","embeddable":true,"href":"https:\/\/www.yungayino.cl\/noticias\/index.php?rest_route=%2Fwp%2Fv2%2Fcategories&post=17107"},{"taxonomy":"post_tag","embeddable":true,"href":"https:\/\/www.yungayino.cl\/noticias\/index.php?rest_route=%2Fwp%2Fv2%2Ftags&post=17107"}],"curies":[{"name":"wp","href":"https:\/\/api.w.org\/{rel}","templated":true}]}}