{"id":17110,"date":"2016-09-12T15:00:50","date_gmt":"2016-09-12T18:00:50","guid":{"rendered":"http:\/\/www.yungayino.cl\/noticias\/?p=17110"},"modified":"2016-09-12T22:33:19","modified_gmt":"2016-09-13T01:33:19","slug":"jardin-infantil-y-sala-cuna-verde-amanecer-de-yungay-realizo-fiesta-dieciochera-infantil-2016","status":"publish","type":"post","link":"https:\/\/www.yungayino.cl\/noticias\/?p=17110","title":{"rendered":"Jard\u00edn Infantil y Sala Cuna Verde Amanecer de Yungay Realizo \u201cFiesta Dieciochera Infantil 2016\u201d"},"content":{"rendered":"<p><img loading=\"lazy\" decoding=\"async\" class=\"alignnone size-full wp-image-17111\" src=\"http:\/\/www.yungayino.cl\/noticias\/wp-content\/uploads\/2016\/09\/verde_amanecer_201609.jpg\" alt=\"verde_amanecer_201609\" width=\"700\" height=\"342\" srcset=\"https:\/\/www.yungayino.cl\/noticias\/wp-content\/uploads\/2016\/09\/verde_amanecer_201609.jpg 700w, https:\/\/www.yungayino.cl\/noticias\/wp-content\/uploads\/2016\/09\/verde_amanecer_201609-300x147.jpg 300w, https:\/\/www.yungayino.cl\/noticias\/wp-content\/uploads\/2016\/09\/verde_amanecer_201609-307x150.jpg 307w\" sizes=\"auto, (max-width: 700px) 100vw, 700px\" \/><\/p>\n<p style=\"text-align: justify;\">Yungay, Lunes 12 de septiembre 2016: El Jard\u00edn Infantil y Sala de Cuna \u201cVerde Amanecer\u201d de nuestra comuna como ya es tradicional realizo una \u201cFiesta Dieciochera 2016\u201d, con motivo del inicio de las actividades de las Fiestas Patrias 2016.<\/p>\n<p style=\"text-align: justify;\">\n<p style=\"text-align: justify;\"><iframe loading=\"lazy\" src=\"https:\/\/www.facebook.com\/plugins\/post.php?href=https:\/\/www.facebook.com\/media\/set\/?set=a.1400066536675048.1073742917.159561284058919&#038;type=1&#038;l=db8957fa84&#038;l=a77e327dc6&#038;l=f5951f1994&#038;l=bfecbb8adf&#038;l=687b6bf5da&#038;width=500&#038;show_text=true&#038;height=691&#038;appId\" width=\"500\" height=\"691\" style=\"border:none;overflow:hidden\" scrolling=\"no\" frameborder=\"0\" allowTransparency=\"true\"><\/iframe>\n<\/p>\n<p style=\"text-align: justify;\">\n<p style=\"text-align: justify;\">\n<p style=\"text-align: justify;\">La actividad que se realiz\u00f3 el pasado viernes 9 de septiembre a partir de las 18:00 horas, contemplo presentaciones de n\u00fameros art\u00edsticos, grupos folcl\u00f3ricos, concursos, juegos y degustaciones de alimentos t\u00edpicos y todo a beneficio de los ni\u00f1os y ni\u00f1as.<\/p>\n<p style=\"text-align: justify;\">Destacar que el jard\u00edn estaba dispuesto y muy bien decorado para la ocasi\u00f3n, donde finalmente las t\u00edas del jard\u00edn junto a los padres y apoderados compartieron un rato de alegr\u00eda junto a los ni\u00f1os (as).<\/p>\n<p style=\"text-align: justify;\">\n<p style=\"text-align: justify;\">[su_button url=\u00bbhttps:\/\/www.facebook.com\/media\/set\/?set=a.1400066536675048.1073742917.159561284058919&amp;type=1&amp;l=db8957fa84&#8243; target=\u00bbblank\u00bb size=\u00bb7&#8243; radius=\u00bbround\u00bb icon=\u00bbicon: facebook-square\u00bb]FOTOGRAF\u00cdAS &#8211; Jard\u00edn Infantil y Sala Cuna Verde Amanecer de Yungay Realizo \u201cFiesta Dieciochera Infantil 2016\u201d[\/su_button]<\/p>\n","protected":false},"excerpt":{"rendered":"<p>Yungay, Lunes 12 de septiembre 2016: El Jard\u00edn Infantil y Sala de Cuna \u201cVerde Amanecer\u201d de nuestra comuna como ya es tradicional realizo una \u201cFiesta Dieciochera 2016\u201d, con motivo del inicio de las actividades&#46;&#46;&#46;<\/p>\n","protected":false},"author":2,"featured_media":17111,"comment_status":"open","ping_status":"open","sticky":false,"template":"","format":"standard","meta":{"footnotes":""},"categories":[5,1],"tags":[528,1115,271,8,6,117],"class_list":["post-17110","post","type-post","status-publish","format-standard","has-post-thumbnail","hentry","category-eventos","category-noticias","tag-fiestas-patrias","tag-noticias","tag-verde-amanecer","tag-yungay","tag-yungayino","tag-yungayinocl"],"_links":{"self":[{"href":"https:\/\/www.yungayino.cl\/noticias\/index.php?rest_route=\/wp\/v2\/posts\/17110","targetHints":{"allow":["GET"]}}],"collection":[{"href":"https:\/\/www.yungayino.cl\/noticias\/index.php?rest_route=\/wp\/v2\/posts"}],"about":[{"href":"https:\/\/www.yungayino.cl\/noticias\/index.php?rest_route=\/wp\/v2\/types\/post"}],"author":[{"embeddable":true,"href":"https:\/\/www.yungayino.cl\/noticias\/index.php?rest_route=\/wp\/v2\/users\/2"}],"replies":[{"embeddable":true,"href":"https:\/\/www.yungayino.cl\/noticias\/index.php?rest_route=%2Fwp%2Fv2%2Fcomments&post=17110"}],"version-history":[{"count":1,"href":"https:\/\/www.yungayino.cl\/noticias\/index.php?rest_route=\/wp\/v2\/posts\/17110\/revisions"}],"predecessor-version":[{"id":17115,"href":"https:\/\/www.yungayino.cl\/noticias\/index.php?rest_route=\/wp\/v2\/posts\/17110\/revisions\/17115"}],"wp:featuredmedia":[{"embeddable":true,"href":"https:\/\/www.yungayino.cl\/noticias\/index.php?rest_route=\/wp\/v2\/media\/17111"}],"wp:attachment":[{"href":"https:\/\/www.yungayino.cl\/noticias\/index.php?rest_route=%2Fwp%2Fv2%2Fmedia&parent=17110"}],"wp:term":[{"taxonomy":"category","embeddable":true,"href":"https:\/\/www.yungayino.cl\/noticias\/index.php?rest_route=%2Fwp%2Fv2%2Fcategories&post=17110"},{"taxonomy":"post_tag","embeddable":true,"href":"https:\/\/www.yungayino.cl\/noticias\/index.php?rest_route=%2Fwp%2Fv2%2Ftags&post=17110"}],"curies":[{"name":"wp","href":"https:\/\/api.w.org\/{rel}","templated":true}]}}