{"id":17120,"date":"2016-09-12T19:00:03","date_gmt":"2016-09-12T22:00:03","guid":{"rendered":"http:\/\/www.yungayino.cl\/noticias\/?p=17120"},"modified":"2016-09-12T22:49:13","modified_gmt":"2016-09-13T01:49:13","slug":"municipio-de-yungay-entrego-fondos-fondeve-2016-a-40-organizaciones-sociales","status":"publish","type":"post","link":"https:\/\/www.yungayino.cl\/noticias\/?p=17120","title":{"rendered":"Municipio de Yungay Entrego Fondos \u201cFondeve 2016\u201d a 40 Organizaciones Sociales"},"content":{"rendered":"<p><img loading=\"lazy\" decoding=\"async\" class=\"alignnone size-full wp-image-17114\" src=\"http:\/\/www.yungayino.cl\/noticias\/wp-content\/uploads\/2016\/09\/fondeve_201608.jpg\" alt=\"fondeve_201608\" width=\"700\" height=\"350\" srcset=\"https:\/\/www.yungayino.cl\/noticias\/wp-content\/uploads\/2016\/09\/fondeve_201608.jpg 700w, https:\/\/www.yungayino.cl\/noticias\/wp-content\/uploads\/2016\/09\/fondeve_201608-300x150.jpg 300w\" sizes=\"auto, (max-width: 700px) 100vw, 700px\" \/><\/p>\n<p style=\"text-align: justify;\">Yungay, Lunes 12 de septiembre 2016: En el auditorio de la Biblioteca P\u00fablica Oreste Montero se llev\u00f3 a cabo la entrega de 40 cheques del Fondo de Desarrollo Vecinal (FONDEVE) a las organizaciones sociales de la comuna de Yungay, con un total de $28.398.131 para las diferentes organizaciones.<\/p>\n<p style=\"text-align: justify;\">El objetivo de estos proyectos es generar ideas para solucionar los problemas que inquietan a las organizaciones en su territorio y dentro de las iniciativas se contemplan mejoramientos para sus sedes sociales, compra de mobiliario, instalaci\u00f3n de luminarias, adquisici\u00f3n de materiales para la construcci\u00f3n de sede, implementaci\u00f3n de sillas y muebles etc.<\/p>\n<p style=\"text-align: justify;\">\n<p style=\"text-align: justify;\"><iframe loading=\"lazy\" src=\"https:\/\/www.facebook.com\/plugins\/post.php?href=https:\/\/www.facebook.com\/media\/set\/?set=a.1400077903340578.1073742920.159561284058919&#038;type=1&#038;l=7afe42c7b7&#038;l=a77e327dc6&#038;l=f5951f1994&#038;l=bfecbb8adf&#038;l=687b6bf5da&#038;width=500&#038;show_text=true&#038;height=691&#038;appId\" width=\"500\" height=\"691\" style=\"border:none;overflow:hidden\" scrolling=\"no\" frameborder=\"0\" allowTransparency=\"true\"><\/iframe>\n<\/p>\n<p style=\"text-align: justify;\">\n<p style=\"text-align: justify;\">\n<p style=\"text-align: justify;\">El alcalde Pedro Inostroza Valenzuela felicito a todas la organizaciones beneficiadas, adem\u00e1s se\u00f1al\u00f3 sentirse contento por el alto grado de participaci\u00f3n e inter\u00e9s de las organizaciones postulantes, donde tambi\u00e9n destac\u00f3 el compromiso del Concejo Municipal, con las organizaciones que hoy reciben este fondo, lo que va a solucionar sin duda muchos problemas y a financiar las buenas ideas e iniciativas.<\/p>\n<p style=\"text-align: justify;\">En tanto para los representantes de las distintas organizaciones que recibieron su cheque, se demostraron gratamente agradecidos del Concejo Municipal por el constante apoyo que han entregado a las entidades comunitarias, indicando que este beneficio es un incentivo para continuar desarrollando actividades de \u00edndole social para la comunidad en general.<\/p>\n<p style=\"text-align: justify;\">Finalmente mencionar que tambi\u00e9n estuvieron en la ceremonia los concejales Francisco Gui\u00f1ez, Marco Cuevas, Ang\u00e9lica Cabezas, Juana Sandoval, Juan Quezada y Rafael Cifuentes, adem\u00e1s de la Jefa de Dideco, Marcia Ortiz y el Jefe de SECPLAN, Nelson Burgos.<\/p>\n<p style=\"text-align: justify;\">\n<p style=\"text-align: justify;\">[su_button url=\u00bbhttps:\/\/www.facebook.com\/media\/set\/?set=a.1400077903340578.1073742920.159561284058919&amp;type=1&amp;l=7afe42c7b7&#8243; target=\u00bbblank\u00bb size=\u00bb7&#8243; radius=\u00bbround\u00bb icon=\u00bbicon: facebook-square\u00bb]FOTOGRAF\u00cdAS &#8211; Municipio de Yungay Entrego Fondos \u201cFondeve 2016\u201d a 40 Organizaciones Sociales[\/su_button]<\/p>\n<p>&nbsp;<\/p>\n","protected":false},"excerpt":{"rendered":"<p>Yungay, Lunes 12 de septiembre 2016: En el auditorio de la Biblioteca P\u00fablica Oreste Montero se llev\u00f3 a cabo la entrega de 40 cheques del Fondo de Desarrollo Vecinal (FONDEVE) a las organizaciones sociales&#46;&#46;&#46;<\/p>\n","protected":false},"author":2,"featured_media":17114,"comment_status":"open","ping_status":"open","sticky":false,"template":"","format":"standard","meta":{"footnotes":""},"categories":[1],"tags":[495,1115,8,6,117],"class_list":["post-17120","post","type-post","status-publish","format-standard","has-post-thumbnail","hentry","category-noticias","tag-fondeve","tag-noticias","tag-yungay","tag-yungayino","tag-yungayinocl"],"_links":{"self":[{"href":"https:\/\/www.yungayino.cl\/noticias\/index.php?rest_route=\/wp\/v2\/posts\/17120","targetHints":{"allow":["GET"]}}],"collection":[{"href":"https:\/\/www.yungayino.cl\/noticias\/index.php?rest_route=\/wp\/v2\/posts"}],"about":[{"href":"https:\/\/www.yungayino.cl\/noticias\/index.php?rest_route=\/wp\/v2\/types\/post"}],"author":[{"embeddable":true,"href":"https:\/\/www.yungayino.cl\/noticias\/index.php?rest_route=\/wp\/v2\/users\/2"}],"replies":[{"embeddable":true,"href":"https:\/\/www.yungayino.cl\/noticias\/index.php?rest_route=%2Fwp%2Fv2%2Fcomments&post=17120"}],"version-history":[{"count":2,"href":"https:\/\/www.yungayino.cl\/noticias\/index.php?rest_route=\/wp\/v2\/posts\/17120\/revisions"}],"predecessor-version":[{"id":17122,"href":"https:\/\/www.yungayino.cl\/noticias\/index.php?rest_route=\/wp\/v2\/posts\/17120\/revisions\/17122"}],"wp:featuredmedia":[{"embeddable":true,"href":"https:\/\/www.yungayino.cl\/noticias\/index.php?rest_route=\/wp\/v2\/media\/17114"}],"wp:attachment":[{"href":"https:\/\/www.yungayino.cl\/noticias\/index.php?rest_route=%2Fwp%2Fv2%2Fmedia&parent=17120"}],"wp:term":[{"taxonomy":"category","embeddable":true,"href":"https:\/\/www.yungayino.cl\/noticias\/index.php?rest_route=%2Fwp%2Fv2%2Fcategories&post=17120"},{"taxonomy":"post_tag","embeddable":true,"href":"https:\/\/www.yungayino.cl\/noticias\/index.php?rest_route=%2Fwp%2Fv2%2Ftags&post=17120"}],"curies":[{"name":"wp","href":"https:\/\/api.w.org\/{rel}","templated":true}]}}