{"id":17133,"date":"2016-09-15T15:00:11","date_gmt":"2016-09-15T18:00:11","guid":{"rendered":"http:\/\/www.yungayino.cl\/noticias\/?p=17133"},"modified":"2016-09-15T21:58:52","modified_gmt":"2016-09-16T00:58:52","slug":"liceo-tecnico-profesional-de-campanario-realizo-la-vii-muestra-gastronomica-campesina","status":"publish","type":"post","link":"https:\/\/www.yungayino.cl\/noticias\/?p=17133","title":{"rendered":"Liceo T\u00e9cnico Profesional de Campanario Realiz\u00f3 la \u201cVII Muestra Gastron\u00f3mica Campesina\u201d"},"content":{"rendered":"<p><img loading=\"lazy\" decoding=\"async\" class=\"alignnone size-full wp-image-17134\" src=\"http:\/\/www.yungayino.cl\/noticias\/wp-content\/uploads\/2016\/09\/muestra_gastronomica_campanario_201609.jpg\" alt=\"muestra_gastronomica_campanario_201609\" width=\"700\" height=\"350\" srcset=\"https:\/\/www.yungayino.cl\/noticias\/wp-content\/uploads\/2016\/09\/muestra_gastronomica_campanario_201609.jpg 700w, https:\/\/www.yungayino.cl\/noticias\/wp-content\/uploads\/2016\/09\/muestra_gastronomica_campanario_201609-300x150.jpg 300w\" sizes=\"auto, (max-width: 700px) 100vw, 700px\" \/><\/p>\n<p style=\"text-align: justify;\">Campanario, jueves 15 de septiembre 2016: En las dependencias del Liceo T\u00e9cnico Profesional de Campanario se realiz\u00f3 la \u201cVII Muestra Gastron\u00f3mica Campesina\u201d, el pasado martes 13 de septiembre, la cual cont\u00f3 con la asistencia del alcalde Pedro Inostroza Valenzuela, la Directora Carmen Panes, concejales, autoridades locales y p\u00fablico en general.<\/p>\n<p style=\"text-align: justify;\">Diversos fueron los n\u00fameros art\u00edsticos que hicieron alusi\u00f3n a estas Fiestas Patrias 2016, ocasi\u00f3n en la que los alumnos ofrecieron a los asistentes presentaciones que dieron cuenta de los grandes dotes con que cuentan los estudiantes del Liceo T\u00e9cnico Profesional de Campanario.<\/p>\n<p style=\"text-align: justify;\"><iframe loading=\"lazy\" src=\"https:\/\/www.facebook.com\/plugins\/post.php?href=https:\/\/www.facebook.com\/media\/set\/?set=a.1402836063064762.1073742922.159561284058919&#038;type=1&#038;l=3cb410abb5&#038;l=a77e327dc6&#038;l=f5951f1994&#038;l=bfecbb8adf&#038;l=687b6bf5da&#038;width=500&#038;show_text=true&#038;height=691&#038;appId\" width=\"500\" height=\"691\" style=\"border:none;overflow:hidden\" scrolling=\"no\" frameborder=\"0\" allowTransparency=\"true\"><\/iframe>\n<\/p>\n<p style=\"text-align: justify;\">Como es tradicional tambi\u00e9n se realiz\u00f3 el corte de cinta por parte de las autoridades presentes, lo que dio por inaugurada la nueva versi\u00f3n de la muestra gastron\u00f3mica t\u00edpica de estas fiestas, actividad en la que particip\u00f3 con gran entusiasmo toda esta comunidad educativa<\/p>\n<p style=\"text-align: justify;\">El alcalde Pedro Inostroza manifest\u00f3 al Portal Yungayino.cl sentirse orgulloso de esta actividad, destacando el compromiso de toda la comunidad escolar y apoderados por apoyar el desarrollo de esta s\u00e9ptima versi\u00f3n que cada a\u00f1o va creciendo m\u00e1s, finalmente el edil reitero sus felicitaciones a todos por esta hermosa muestra gastron\u00f3mica.<\/p>\n<p style=\"text-align: justify;\">Carmen Panes Cid, se\u00f1alo que se ha hecho tradicional realizar esta s\u00e9ptima muestra campesina, la cual muy t\u00edmidamente se organiz\u00f3 hace siete a\u00f1os atr\u00e1s y que hoy en la actualidad han logrado darle un sello de mejor calidad y formalidad, donde el apoyo de los padres, apoderados, profesores y toda la comunidad escolar han sido fundamental, es por eso que esta muestra se considera como el puntapi\u00e9 inicial de todo lo que es la iniciaci\u00f3n de las actividades familiares de fiestas patrias 2016.<\/p>\n<p style=\"text-align: justify;\">[su_button url=\u00bbhttps:\/\/www.facebook.com\/media\/set\/?set=a.1402836063064762.1073742922.159561284058919&amp;type=1&amp;l=3cb410abb5&#8243; target=\u00bbblank\u00bb size=\u00bb7&#8243; radius=\u00bbround\u00bb icon=\u00bbicon: facebook-square\u00bb]FOTOGRAF\u00cdAS &#8211; Liceo T\u00e9cnico Profesional de Campanario Realiz\u00f3 la \u201cVII Muestra Gastron\u00f3mica Campesina\u201d[\/su_button]<\/p>\n","protected":false},"excerpt":{"rendered":"<p>Campanario, jueves 15 de septiembre 2016: En las dependencias del Liceo T\u00e9cnico Profesional de Campanario se realiz\u00f3 la \u201cVII Muestra Gastron\u00f3mica Campesina\u201d, el pasado martes 13 de septiembre, la cual cont\u00f3 con la asistencia&#46;&#46;&#46;<\/p>\n","protected":false},"author":2,"featured_media":17134,"comment_status":"open","ping_status":"open","sticky":false,"template":"","format":"standard","meta":{"footnotes":""},"categories":[1],"tags":[],"class_list":["post-17133","post","type-post","status-publish","format-standard","has-post-thumbnail","hentry","category-noticias"],"_links":{"self":[{"href":"https:\/\/www.yungayino.cl\/noticias\/index.php?rest_route=\/wp\/v2\/posts\/17133","targetHints":{"allow":["GET"]}}],"collection":[{"href":"https:\/\/www.yungayino.cl\/noticias\/index.php?rest_route=\/wp\/v2\/posts"}],"about":[{"href":"https:\/\/www.yungayino.cl\/noticias\/index.php?rest_route=\/wp\/v2\/types\/post"}],"author":[{"embeddable":true,"href":"https:\/\/www.yungayino.cl\/noticias\/index.php?rest_route=\/wp\/v2\/users\/2"}],"replies":[{"embeddable":true,"href":"https:\/\/www.yungayino.cl\/noticias\/index.php?rest_route=%2Fwp%2Fv2%2Fcomments&post=17133"}],"version-history":[{"count":2,"href":"https:\/\/www.yungayino.cl\/noticias\/index.php?rest_route=\/wp\/v2\/posts\/17133\/revisions"}],"predecessor-version":[{"id":17138,"href":"https:\/\/www.yungayino.cl\/noticias\/index.php?rest_route=\/wp\/v2\/posts\/17133\/revisions\/17138"}],"wp:featuredmedia":[{"embeddable":true,"href":"https:\/\/www.yungayino.cl\/noticias\/index.php?rest_route=\/wp\/v2\/media\/17134"}],"wp:attachment":[{"href":"https:\/\/www.yungayino.cl\/noticias\/index.php?rest_route=%2Fwp%2Fv2%2Fmedia&parent=17133"}],"wp:term":[{"taxonomy":"category","embeddable":true,"href":"https:\/\/www.yungayino.cl\/noticias\/index.php?rest_route=%2Fwp%2Fv2%2Fcategories&post=17133"},{"taxonomy":"post_tag","embeddable":true,"href":"https:\/\/www.yungayino.cl\/noticias\/index.php?rest_route=%2Fwp%2Fv2%2Ftags&post=17133"}],"curies":[{"name":"wp","href":"https:\/\/api.w.org\/{rel}","templated":true}]}}