{"id":17140,"date":"2016-09-15T16:00:37","date_gmt":"2016-09-15T19:00:37","guid":{"rendered":"http:\/\/www.yungayino.cl\/noticias\/?p=17140"},"modified":"2016-09-15T22:09:22","modified_gmt":"2016-09-16T01:09:22","slug":"jardin-infantil-rayo-de-luna-de-yungay-celebro-fiestas-patrias-2016","status":"publish","type":"post","link":"https:\/\/www.yungayino.cl\/noticias\/?p=17140","title":{"rendered":"Jard\u00edn Infantil \u201cRayo de Luna\u201d de Yungay Celebro Fiestas Patrias 2016"},"content":{"rendered":"<p><img loading=\"lazy\" decoding=\"async\" class=\"alignnone size-full wp-image-17136\" src=\"http:\/\/www.yungayino.cl\/noticias\/wp-content\/uploads\/2016\/09\/jardin_rayo_luna_201609.jpg\" alt=\"jardin_rayo_luna_201609\" width=\"700\" height=\"350\" srcset=\"https:\/\/www.yungayino.cl\/noticias\/wp-content\/uploads\/2016\/09\/jardin_rayo_luna_201609.jpg 700w, https:\/\/www.yungayino.cl\/noticias\/wp-content\/uploads\/2016\/09\/jardin_rayo_luna_201609-300x150.jpg 300w\" sizes=\"auto, (max-width: 700px) 100vw, 700px\" \/><\/p>\n<p style=\"text-align: justify;\">Yungay, jueves 15 de septiembre 2016: Con la participaci\u00f3n de las t\u00edas, padres y apoderados, el Jard\u00edn Infantil \u201cRayo de Luna\u201d desarrollo diversas actividades con motivo de celebrar las Fiestas Patrias 2016.<\/p>\n<p style=\"text-align: justify;\">\n<p style=\"text-align: justify;\"><iframe loading=\"lazy\" src=\"https:\/\/www.facebook.com\/plugins\/post.php?href=https:\/\/www.facebook.com\/media\/set\/?set=a.1402846013063767.1073742923.159561284058919&#038;type=1&#038;l=794f944228&#038;l=a77e327dc6&#038;l=f5951f1994&#038;l=bfecbb8adf&#038;l=687b6bf5da&#038;width=500&#038;show_text=true&#038;height=691&#038;appId\" width=\"500\" height=\"691\" style=\"border:none;overflow:hidden\" scrolling=\"no\" frameborder=\"0\" allowTransparency=\"true\"><\/iframe>\n<\/p>\n<p style=\"text-align: justify;\">\n<p style=\"text-align: justify;\">\n<p style=\"text-align: justify;\">Las actividades contaron con la participaci\u00f3n del Grupo Folcl\u00f3rico \u201cAndalican\u201d, qui\u00e9nes deleitaron a los presentes con su m\u00fasica y bailes, tambi\u00e9n destaco la participaci\u00f3n de los actuales Campeones Comunales de Cueca Huasa Ense\u00f1anza B\u00e1sica Constanza Cea y Eliud Leiva.<\/p>\n<p style=\"text-align: justify;\">Durante la entretenida celebraci\u00f3n tambi\u00e9n se realizaron juegos t\u00edpicos como el emboque, carreras en saco, tirar la cuerda y gincana entre otros, donde participaron tambi\u00e9n las t\u00edas, padres y apoderados con gran entusiasmo.<\/p>\n<p style=\"text-align: justify;\">Finalmente durante la jornada los presentes compartieron ricas empanadas y choripanes.<\/p>\n<p style=\"text-align: justify;\">\n<p style=\"text-align: justify;\">[su_button url=\u00bbhttps:\/\/www.facebook.com\/media\/set\/?set=a.1402846013063767.1073742923.159561284058919&amp;type=1&amp;l=794f944228&#8243; target=\u00bbblank\u00bb size=\u00bb7&#8243; radius=\u00bbround\u00bb icon=\u00bbicon: facebook-square\u00bb]FOTOGRAF\u00cdAS &#8211; Jard\u00edn Infantil \u201cRayo de Luna\u201d de Yungay Celebro Fiestas Patrias 2016[\/su_button]<\/p>\n","protected":false},"excerpt":{"rendered":"<p>Yungay, jueves 15 de septiembre 2016: Con la participaci\u00f3n de las t\u00edas, padres y apoderados, el Jard\u00edn Infantil \u201cRayo de Luna\u201d desarrollo diversas actividades con motivo de celebrar las Fiestas Patrias 2016. Las actividades&#46;&#46;&#46;<\/p>\n","protected":false},"author":2,"featured_media":17136,"comment_status":"open","ping_status":"open","sticky":false,"template":"","format":"standard","meta":{"footnotes":""},"categories":[1],"tags":[698,1115,8,6,117],"class_list":["post-17140","post","type-post","status-publish","format-standard","has-post-thumbnail","hentry","category-noticias","tag-jardin-rayo-de-luna","tag-noticias","tag-yungay","tag-yungayino","tag-yungayinocl"],"_links":{"self":[{"href":"https:\/\/www.yungayino.cl\/noticias\/index.php?rest_route=\/wp\/v2\/posts\/17140","targetHints":{"allow":["GET"]}}],"collection":[{"href":"https:\/\/www.yungayino.cl\/noticias\/index.php?rest_route=\/wp\/v2\/posts"}],"about":[{"href":"https:\/\/www.yungayino.cl\/noticias\/index.php?rest_route=\/wp\/v2\/types\/post"}],"author":[{"embeddable":true,"href":"https:\/\/www.yungayino.cl\/noticias\/index.php?rest_route=\/wp\/v2\/users\/2"}],"replies":[{"embeddable":true,"href":"https:\/\/www.yungayino.cl\/noticias\/index.php?rest_route=%2Fwp%2Fv2%2Fcomments&post=17140"}],"version-history":[{"count":1,"href":"https:\/\/www.yungayino.cl\/noticias\/index.php?rest_route=\/wp\/v2\/posts\/17140\/revisions"}],"predecessor-version":[{"id":17141,"href":"https:\/\/www.yungayino.cl\/noticias\/index.php?rest_route=\/wp\/v2\/posts\/17140\/revisions\/17141"}],"wp:featuredmedia":[{"embeddable":true,"href":"https:\/\/www.yungayino.cl\/noticias\/index.php?rest_route=\/wp\/v2\/media\/17136"}],"wp:attachment":[{"href":"https:\/\/www.yungayino.cl\/noticias\/index.php?rest_route=%2Fwp%2Fv2%2Fmedia&parent=17140"}],"wp:term":[{"taxonomy":"category","embeddable":true,"href":"https:\/\/www.yungayino.cl\/noticias\/index.php?rest_route=%2Fwp%2Fv2%2Fcategories&post=17140"},{"taxonomy":"post_tag","embeddable":true,"href":"https:\/\/www.yungayino.cl\/noticias\/index.php?rest_route=%2Fwp%2Fv2%2Ftags&post=17140"}],"curies":[{"name":"wp","href":"https:\/\/api.w.org\/{rel}","templated":true}]}}