{"id":17142,"date":"2016-09-15T20:00:44","date_gmt":"2016-09-15T23:00:44","guid":{"rendered":"http:\/\/www.yungayino.cl\/noticias\/?p=17142"},"modified":"2016-09-15T22:18:20","modified_gmt":"2016-09-16T01:18:20","slug":"escuela-fernando-baquedano-de-yungay-realizo-fiesta-de-la-ciudadania","status":"publish","type":"post","link":"https:\/\/www.yungayino.cl\/noticias\/?p=17142","title":{"rendered":"Escuela Fernando Baquedano de Yungay Realiz\u00f3 \u201cFiesta de la Ciudadan\u00eda\u201d"},"content":{"rendered":"<p><img loading=\"lazy\" decoding=\"async\" class=\"alignnone size-full wp-image-17135\" src=\"http:\/\/www.yungayino.cl\/noticias\/wp-content\/uploads\/2016\/09\/fernando_baquedano_cuidadania_2016.jpg\" alt=\"fernando_baquedano_cuidadania_2016\" width=\"700\" height=\"350\" srcset=\"https:\/\/www.yungayino.cl\/noticias\/wp-content\/uploads\/2016\/09\/fernando_baquedano_cuidadania_2016.jpg 700w, https:\/\/www.yungayino.cl\/noticias\/wp-content\/uploads\/2016\/09\/fernando_baquedano_cuidadania_2016-300x150.jpg 300w\" sizes=\"auto, (max-width: 700px) 100vw, 700px\" \/><\/p>\n<p style=\"text-align: justify;\">Yungay, jueves 15 de septiembre 2016: La Escuela Fernando Baquedano realiz\u00f3 una nueva versi\u00f3n de la \u201cFiesta de la Ciudadan\u00eda\u201d, la cual se llev\u00f3 a cabo en el Ode\u00f3n de la Plaza Iquique de nuestra comuna.<\/p>\n<p style=\"text-align: justify;\">\n<p style=\"text-align: justify;\"><iframe loading=\"lazy\" src=\"https:\/\/www.facebook.com\/plugins\/post.php?href=https:\/\/www.facebook.com\/media\/set\/?set=a.1402854583062910.1073742924.159561284058919&#038;type=1&#038;l=a8b740c0fd&#038;l=a77e327dc6&#038;l=f5951f1994&#038;l=bfecbb8adf&#038;l=687b6bf5da&#038;width=500&#038;show_text=true&#038;height=691&#038;appId\" width=\"500\" height=\"691\" style=\"border:none;overflow:hidden\" scrolling=\"no\" frameborder=\"0\" allowTransparency=\"true\"><\/iframe>\n<\/p>\n<p style=\"text-align: justify;\">\n<p style=\"text-align: justify;\">\n<p style=\"text-align: justify;\">La actividad se inici\u00f3 con una comparsa a la usanza del a\u00f1o 1800 ofreciendo un viaje a la retrospectiva del tiempo y nuestra historia con la participaci\u00f3n de parejas y Don Manuel Rodr\u00edguez.<\/p>\n<p style=\"text-align: justify;\">El acto comenz\u00f3 con la interpretaci\u00f3n del Himno Nacional dirigido por el Docente Luis Ocampo y luego continuo con las presentaciones de n\u00fameros art\u00edsticos preparados especialmente por los alumnos para la ocasi\u00f3n, donde el p\u00fablico e invitados aplaudieron las hermosas coreograf\u00edas art\u00edsticas de los alumnos.<\/p>\n<p style=\"text-align: justify;\">Finalmente se\u00f1alar que la actividad fue encabeza por el Director Juan Francisco Troncoso acompa\u00f1ado de autoridades locales, representantes del centro de padres, apoderados, familiares y p\u00fablico en general.<\/p>\n<p style=\"text-align: justify;\">\n<p style=\"text-align: justify;\"><strong>[su_button url=\u00bbhttps:\/\/www.facebook.com\/media\/set\/?set=a.1402854583062910.1073742924.159561284058919&amp;type=1&amp;l=a8b740c0fd\u00bb target=\u00bbblank\u00bb size=\u00bb7&#8243; radius=\u00bbround\u00bb icon=\u00bbicon: facebook-square\u00bb]FOTOGRAF\u00cdAS &#8211; Escuela Fernando Baquedano de Yungay Realiz\u00f3 \u201cFiesta de la Ciudadan\u00eda\u201d [\/su_button]<\/strong><\/p>\n<p>&nbsp;<\/p>\n","protected":false},"excerpt":{"rendered":"<p>Yungay, jueves 15 de septiembre 2016: La Escuela Fernando Baquedano realiz\u00f3 una nueva versi\u00f3n de la \u201cFiesta de la Ciudadan\u00eda\u201d, la cual se llev\u00f3 a cabo en el Ode\u00f3n de la Plaza Iquique de&#46;&#46;&#46;<\/p>\n","protected":false},"author":2,"featured_media":17135,"comment_status":"open","ping_status":"open","sticky":false,"template":"","format":"standard","meta":{"footnotes":""},"categories":[1],"tags":[190,1115,8,6,117],"class_list":["post-17142","post","type-post","status-publish","format-standard","has-post-thumbnail","hentry","category-noticias","tag-escuela-fernando-baquedano","tag-noticias","tag-yungay","tag-yungayino","tag-yungayinocl"],"_links":{"self":[{"href":"https:\/\/www.yungayino.cl\/noticias\/index.php?rest_route=\/wp\/v2\/posts\/17142","targetHints":{"allow":["GET"]}}],"collection":[{"href":"https:\/\/www.yungayino.cl\/noticias\/index.php?rest_route=\/wp\/v2\/posts"}],"about":[{"href":"https:\/\/www.yungayino.cl\/noticias\/index.php?rest_route=\/wp\/v2\/types\/post"}],"author":[{"embeddable":true,"href":"https:\/\/www.yungayino.cl\/noticias\/index.php?rest_route=\/wp\/v2\/users\/2"}],"replies":[{"embeddable":true,"href":"https:\/\/www.yungayino.cl\/noticias\/index.php?rest_route=%2Fwp%2Fv2%2Fcomments&post=17142"}],"version-history":[{"count":1,"href":"https:\/\/www.yungayino.cl\/noticias\/index.php?rest_route=\/wp\/v2\/posts\/17142\/revisions"}],"predecessor-version":[{"id":17143,"href":"https:\/\/www.yungayino.cl\/noticias\/index.php?rest_route=\/wp\/v2\/posts\/17142\/revisions\/17143"}],"wp:featuredmedia":[{"embeddable":true,"href":"https:\/\/www.yungayino.cl\/noticias\/index.php?rest_route=\/wp\/v2\/media\/17135"}],"wp:attachment":[{"href":"https:\/\/www.yungayino.cl\/noticias\/index.php?rest_route=%2Fwp%2Fv2%2Fmedia&parent=17142"}],"wp:term":[{"taxonomy":"category","embeddable":true,"href":"https:\/\/www.yungayino.cl\/noticias\/index.php?rest_route=%2Fwp%2Fv2%2Fcategories&post=17142"},{"taxonomy":"post_tag","embeddable":true,"href":"https:\/\/www.yungayino.cl\/noticias\/index.php?rest_route=%2Fwp%2Fv2%2Ftags&post=17142"}],"curies":[{"name":"wp","href":"https:\/\/api.w.org\/{rel}","templated":true}]}}