{"id":17151,"date":"2016-09-16T19:00:56","date_gmt":"2016-09-16T22:00:56","guid":{"rendered":"http:\/\/www.yungayino.cl\/noticias\/?p=17151"},"modified":"2016-09-16T20:07:47","modified_gmt":"2016-09-16T23:07:47","slug":"comunidad-de-campanario-participo-del-acto-civico-y-desfile-de-fiestas-patrias-2016","status":"publish","type":"post","link":"https:\/\/www.yungayino.cl\/noticias\/?p=17151","title":{"rendered":"Comunidad de Campanario Particip\u00f3 del Acto C\u00edvico y Desfile de Fiestas Patrias 2016"},"content":{"rendered":"<p><img loading=\"lazy\" decoding=\"async\" class=\"alignnone size-full wp-image-17152\" src=\"http:\/\/www.yungayino.cl\/noticias\/wp-content\/uploads\/2016\/09\/campanario_desfile_201609.jpg\" alt=\"campanario_desfile_201609\" width=\"700\" height=\"393\" srcset=\"https:\/\/www.yungayino.cl\/noticias\/wp-content\/uploads\/2016\/09\/campanario_desfile_201609.jpg 700w, https:\/\/www.yungayino.cl\/noticias\/wp-content\/uploads\/2016\/09\/campanario_desfile_201609-300x168.jpg 300w, https:\/\/www.yungayino.cl\/noticias\/wp-content\/uploads\/2016\/09\/campanario_desfile_201609-267x150.jpg 267w\" sizes=\"auto, (max-width: 700px) 100vw, 700px\" \/><\/p>\n<p style=\"text-align: justify;\">Campanario, viernes 16 septiembre 2016: Con una muy buena asistencia la comunidad de Campanario particip\u00f3 activamente del acto c\u00edvico y desfile organizado por el Liceo T\u00e9cnico Profesional de Campanario, en homenaje a un nuevo aniversario de la Independencia de Chile.<\/p>\n<p style=\"text-align: justify;\">Previo al desfile, se realiz\u00f3 el tradicional pie de cueca en el que participaron una veintena de parejas de estudiantes, bajo la m\u00fasica del Conjunto de Adultos Mayores Elia Esperanza, y el infaltable brindis de chicha en cacho que fue llevado hasta donde se ubicaban las autoridades por integrantes del grupo ecuestre del sector.<\/p>\n<p style=\"text-align: justify;\">\n<p style=\"text-align: justify;\"><iframe loading=\"lazy\" src=\"https:\/\/www.facebook.com\/plugins\/post.php?href=https:\/\/www.facebook.com\/media\/set\/?set=a.1403726199642415.1073742925.159561284058919&#038;type=1&#038;l=0c2d2d40e7&#038;l=a77e327dc6&#038;l=f5951f1994&#038;l=bfecbb8adf&#038;l=687b6bf5da&#038;width=500&#038;show_text=true&#038;height=691&#038;appId\" width=\"500\" height=\"691\" style=\"border:none;overflow:hidden\" scrolling=\"no\" frameborder=\"0\" allowTransparency=\"true\"><\/iframe>\n<\/p>\n<p style=\"text-align: justify;\">\n<p style=\"text-align: justify;\">\n<p style=\"text-align: justify;\">El alcalde <strong>Pedro Inostroza Valenzuela<\/strong> en su discurso agradeci\u00f3 en sus primeras palabras al p\u00fablico presente por la asistencia y participaci\u00f3n en este tradicional acto y desfile en homenaje a un nuevo aniversario patrio, invitando a celebrar a todos valorando lo que somos, fortaleciendo y prevaleciendo la sana convivencia.<\/p>\n<p style=\"text-align: justify;\">La actividad comenz\u00f3 a las 12:00 horas frente al Gimnasio Multiuso y estuvo encabezada por el alcalde Pedro Inostroza Valenzuela, qui\u00e9n en compa\u00f1\u00eda del Concejo Municipal, autoridades locales e invitados especiales vieron como las agrupaciones de Adultos Mayores, Clubes Deportivos, Unidades Educativas, Bomberos, Funcionarios P\u00fablico y Clubes de Huasos, entre otras organizaciones desfilaron de manera impecable a los sones de la Banda de Guerra de Yungay. Tambi\u00e9n el edil destac\u00f3 los logros que se han y est\u00e1n realizando para la comunidad de Campanario destacando el 90% de la pavimentaci\u00f3n de las calles y en el \u00e1mbito de la Educaci\u00f3n la primera generaci\u00f3n egresada con su T\u00edtulo de T\u00e9cnicos Profesionales del Liceo T\u00e9cnico de Campanario, terminado con un llamado a seguir trabajando en unidad por el bien de toda la comuna.<\/p>\n<p style=\"text-align: justify;\">Finalmente terminado el acto y desfile las autoridades y p\u00fablico se trasladaron al Gimnasio Multiuso para realizar el tradicional vino de honor.<\/p>\n<p style=\"text-align: justify;\">\n<p style=\"text-align: justify;\">[su_button url=\u00bbhttps:\/\/www.facebook.com\/media\/set\/?set=a.1403726199642415.1073742925.159561284058919&amp;type=1&amp;l=0c2d2d40e7&#8243; target=\u00bbblank\u00bb size=\u00bb7&#8243; radius=\u00bbround\u00bb icon=\u00bbicon: facebook-square\u00bb]FOTOGRAF\u00cdAS &#8211; Comunidad de Campanario Particip\u00f3 del Acto C\u00edvico y Desfile de Fiestas Patrias 2016[\/su_button]<\/p>\n","protected":false},"excerpt":{"rendered":"<p>Campanario, viernes 16 septiembre 2016: Con una muy buena asistencia la comunidad de Campanario particip\u00f3 activamente del acto c\u00edvico y desfile organizado por el Liceo T\u00e9cnico Profesional de Campanario, en homenaje a un nuevo&#46;&#46;&#46;<\/p>\n","protected":false},"author":2,"featured_media":17152,"comment_status":"open","ping_status":"open","sticky":false,"template":"","format":"standard","meta":{"footnotes":""},"categories":[3,5,1],"tags":[31,454,1402,1115,8,6,117],"class_list":["post-17151","post","type-post","status-publish","format-standard","has-post-thumbnail","hentry","category-actualidad","category-eventos","category-noticias","tag-campanario","tag-desfile","tag-fiestas-patrias-2016","tag-noticias","tag-yungay","tag-yungayino","tag-yungayinocl"],"_links":{"self":[{"href":"https:\/\/www.yungayino.cl\/noticias\/index.php?rest_route=\/wp\/v2\/posts\/17151","targetHints":{"allow":["GET"]}}],"collection":[{"href":"https:\/\/www.yungayino.cl\/noticias\/index.php?rest_route=\/wp\/v2\/posts"}],"about":[{"href":"https:\/\/www.yungayino.cl\/noticias\/index.php?rest_route=\/wp\/v2\/types\/post"}],"author":[{"embeddable":true,"href":"https:\/\/www.yungayino.cl\/noticias\/index.php?rest_route=\/wp\/v2\/users\/2"}],"replies":[{"embeddable":true,"href":"https:\/\/www.yungayino.cl\/noticias\/index.php?rest_route=%2Fwp%2Fv2%2Fcomments&post=17151"}],"version-history":[{"count":1,"href":"https:\/\/www.yungayino.cl\/noticias\/index.php?rest_route=\/wp\/v2\/posts\/17151\/revisions"}],"predecessor-version":[{"id":17153,"href":"https:\/\/www.yungayino.cl\/noticias\/index.php?rest_route=\/wp\/v2\/posts\/17151\/revisions\/17153"}],"wp:featuredmedia":[{"embeddable":true,"href":"https:\/\/www.yungayino.cl\/noticias\/index.php?rest_route=\/wp\/v2\/media\/17152"}],"wp:attachment":[{"href":"https:\/\/www.yungayino.cl\/noticias\/index.php?rest_route=%2Fwp%2Fv2%2Fmedia&parent=17151"}],"wp:term":[{"taxonomy":"category","embeddable":true,"href":"https:\/\/www.yungayino.cl\/noticias\/index.php?rest_route=%2Fwp%2Fv2%2Fcategories&post=17151"},{"taxonomy":"post_tag","embeddable":true,"href":"https:\/\/www.yungayino.cl\/noticias\/index.php?rest_route=%2Fwp%2Fv2%2Ftags&post=17151"}],"curies":[{"name":"wp","href":"https:\/\/api.w.org\/{rel}","templated":true}]}}