{"id":17170,"date":"2016-09-17T23:00:36","date_gmt":"2016-09-18T02:00:36","guid":{"rendered":"http:\/\/www.yungayino.cl\/noticias\/?p=17170"},"modified":"2016-09-18T11:55:12","modified_gmt":"2016-09-18T14:55:12","slug":"fiestas-patrias-2016-inauguracion-ramadas-en-yungay","status":"publish","type":"post","link":"https:\/\/www.yungayino.cl\/noticias\/?p=17170","title":{"rendered":"Fiestas Patrias 2016: Inauguraci\u00f3n Ramadas en Yungay"},"content":{"rendered":"<p><img loading=\"lazy\" decoding=\"async\" class=\"alignnone size-full wp-image-17171\" src=\"http:\/\/www.yungayino.cl\/noticias\/wp-content\/uploads\/2016\/09\/inauguracion_ramadas_2016.jpg\" alt=\"inauguracion_ramadas_2016\" width=\"700\" height=\"393\" srcset=\"https:\/\/www.yungayino.cl\/noticias\/wp-content\/uploads\/2016\/09\/inauguracion_ramadas_2016.jpg 700w, https:\/\/www.yungayino.cl\/noticias\/wp-content\/uploads\/2016\/09\/inauguracion_ramadas_2016-300x168.jpg 300w, https:\/\/www.yungayino.cl\/noticias\/wp-content\/uploads\/2016\/09\/inauguracion_ramadas_2016-267x150.jpg 267w\" sizes=\"auto, (max-width: 700px) 100vw, 700px\" \/><\/p>\n<p style=\"text-align: justify;\">Yungay, s\u00e1bado 17 de septiembre 2016: Este a\u00f1o desde el Sector Rural de Ranchillos Bajo, la comitiva encabezada por el Alcalde Pedro Inostroza Valenzuela dio comienzo a la inauguraci\u00f3n de ramadas para estas festividades de fiestas patrias.<\/p>\n<p style=\"text-align: justify;\">Comitiva que estuvo integrada adem\u00e1s por los concejales Ang\u00e9lica Cabezas, Juana Sandoval, Marco Cuevas, Juan Quezada y Rafael Cifuentes as\u00ed como representantes de los diferentes Departamentos del Municipio.<\/p>\n<p style=\"text-align: justify;\">Bajo las melod\u00edas y cuecas interpretadas por el profesor Ram\u00f3n Pino m\u00e1s conocido como \u201cDon Delfa\u201d, las parejas salieron a bailar nuestra cueca, donde la primera autoridad comunal, Pedro Inostroza Valenzuela realiz\u00f3 el brindis haciendo el llamado a la comunidad para celebrar de buena forma estas fiestas, en la ocasi\u00f3n tambi\u00e9n se destac\u00f3 la participaci\u00f3n de P\u00eda S\u00e1nchez y Rene Soto (Escuela Ranchillos), quienes obtuvieron el segundo lugar en el Provincial de Cueca Escolar y que clasificaron a la Fase Regional.<\/p>\n<p style=\"text-align: justify;\">\n<p style=\"text-align: justify;\"><iframe loading=\"lazy\" src=\"https:\/\/www.facebook.com\/plugins\/post.php?href=https:\/\/www.facebook.com\/media\/set\/?set=a.1405191012829267.1073742930.159561284058919&#038;type=1&#038;l=ca013658d3&#038;l=a77e327dc6&#038;l=f5951f1994&#038;l=bfecbb8adf&#038;l=687b6bf5da&#038;width=500&#038;show_text=true&#038;height=691&#038;appId\" width=\"500\" height=\"691\" style=\"border:none;overflow:hidden\" scrolling=\"no\" frameborder=\"0\" allowTransparency=\"true\"><\/iframe>\n<\/p>\n<p style=\"text-align: justify;\">\n<p style=\"text-align: justify;\">\n<p style=\"text-align: justify;\"><strong>Campanario:<\/strong><\/p>\n<p style=\"text-align: justify;\">Posteriormente la primera autoridad acompa\u00f1ada tambi\u00e9n por la Directora del Departamento de Salud Municipal, Carolina Baeza, la Jefa de Dideco, Marcia Ortiz, el Administrador Municipal Alexis P\u00e9rez y los funcionarios municipales se trasladaron a la localidad de Campanario, donde en medio de gran jolgorio popular fueron recibidos por los vecinos que esperaban el tradicional corte de cinta para comenzar la celebraci\u00f3n.<\/p>\n<p style=\"text-align: justify;\"><strong>Yungay:<\/strong><\/p>\n<p style=\"text-align: justify;\">A las 21:30 horas, con un escenario preparado para la ocasi\u00f3n se dio inicio a las presentaciones del Ballet Folcl\u00f3rico <strong>\u201cBAFOLAUT\u201d <\/strong>de la comuna de Lautaro y la Agrupaci\u00f3n Folcl\u00f3rica <strong>\u201cCantares de Yungay<\/strong>\u201d, para posteriormente y de una manera simb\u00f3lica el alcalde Pedro Inostroza Valenzuela junto a los concejales procedieron a realizar el tradicional corte de cinta, que dio por inauguradas la Ramadas, Chicher\u00edas y Cociner\u00edas en Yungay.<\/p>\n<p style=\"text-align: justify;\">Finalmente el edil acompa\u00f1ado de los concejales y comitiva recorrieron y cortaron las cintas en cada uno de los locales instalados, donde tambi\u00e9n como ya es tradicional se les hizo entrega a cada uno de los propietarios de un regalo y se eligi\u00f3 la mejor ramada, chicher\u00eda y cociner\u00eda, cuyo ganadores se adjudican el permiso gratis para las pr\u00f3ximas fiestas.<\/p>\n<p style=\"text-align: justify;\">Mejor Ramada <strong>\u201cEl HUILQUE\u201d<\/strong> de la Sra. Carmela Salazar Arriagada<\/p>\n<p style=\"text-align: justify;\">Mejor Chicher\u00eda <strong>\u201cDon Pedro\u201d <\/strong>de Don. Pedro Riquelme Herrera<\/p>\n<p style=\"text-align: justify;\">Mejor Cociner\u00eda <strong>\u201cLa Itatina\u201d <\/strong>de la Sra. Isabel Oses Padilla<\/p>\n<p style=\"text-align: justify;\">\n<p style=\"text-align: justify;\">[su_button url=\u00bbhttps:\/\/www.facebook.com\/media\/set\/?set=a.1405191012829267.1073742930.159561284058919&amp;type=1&amp;l=ca013658d3&#8243; target=\u00bbblank\u00bb size=\u00bb7&#8243; radius=\u00bbround\u00bb icon=\u00bbicon: facebook-square\u00bb]FOTOGRAF\u00cdAS &#8211; Fiestas Patrias 2016: Inauguraci\u00f3n Ramadas en Yungay[\/su_button]<\/p>\n","protected":false},"excerpt":{"rendered":"<p>Yungay, s\u00e1bado 17 de septiembre 2016: Este a\u00f1o desde el Sector Rural de Ranchillos Bajo, la comitiva encabezada por el Alcalde Pedro Inostroza Valenzuela dio comienzo a la inauguraci\u00f3n de ramadas para estas festividades&#46;&#46;&#46;<\/p>\n","protected":false},"author":2,"featured_media":17171,"comment_status":"open","ping_status":"open","sticky":false,"template":"","format":"standard","meta":{"footnotes":""},"categories":[5,1],"tags":[31,1402,943,1115,8,6,117],"class_list":["post-17170","post","type-post","status-publish","format-standard","has-post-thumbnail","hentry","category-eventos","category-noticias","tag-campanario","tag-fiestas-patrias-2016","tag-inauguracion-ramadas","tag-noticias","tag-yungay","tag-yungayino","tag-yungayinocl"],"_links":{"self":[{"href":"https:\/\/www.yungayino.cl\/noticias\/index.php?rest_route=\/wp\/v2\/posts\/17170","targetHints":{"allow":["GET"]}}],"collection":[{"href":"https:\/\/www.yungayino.cl\/noticias\/index.php?rest_route=\/wp\/v2\/posts"}],"about":[{"href":"https:\/\/www.yungayino.cl\/noticias\/index.php?rest_route=\/wp\/v2\/types\/post"}],"author":[{"embeddable":true,"href":"https:\/\/www.yungayino.cl\/noticias\/index.php?rest_route=\/wp\/v2\/users\/2"}],"replies":[{"embeddable":true,"href":"https:\/\/www.yungayino.cl\/noticias\/index.php?rest_route=%2Fwp%2Fv2%2Fcomments&post=17170"}],"version-history":[{"count":1,"href":"https:\/\/www.yungayino.cl\/noticias\/index.php?rest_route=\/wp\/v2\/posts\/17170\/revisions"}],"predecessor-version":[{"id":17172,"href":"https:\/\/www.yungayino.cl\/noticias\/index.php?rest_route=\/wp\/v2\/posts\/17170\/revisions\/17172"}],"wp:featuredmedia":[{"embeddable":true,"href":"https:\/\/www.yungayino.cl\/noticias\/index.php?rest_route=\/wp\/v2\/media\/17171"}],"wp:attachment":[{"href":"https:\/\/www.yungayino.cl\/noticias\/index.php?rest_route=%2Fwp%2Fv2%2Fmedia&parent=17170"}],"wp:term":[{"taxonomy":"category","embeddable":true,"href":"https:\/\/www.yungayino.cl\/noticias\/index.php?rest_route=%2Fwp%2Fv2%2Fcategories&post=17170"},{"taxonomy":"post_tag","embeddable":true,"href":"https:\/\/www.yungayino.cl\/noticias\/index.php?rest_route=%2Fwp%2Fv2%2Ftags&post=17170"}],"curies":[{"name":"wp","href":"https:\/\/api.w.org\/{rel}","templated":true}]}}