{"id":17177,"date":"2016-09-19T10:00:00","date_gmt":"2016-09-19T13:00:00","guid":{"rendered":"http:\/\/www.yungayino.cl\/noticias\/?p=17177"},"modified":"2016-09-19T18:10:51","modified_gmt":"2016-09-19T21:10:51","slug":"matices-de-identidad-comunal-realizo-escuela-fernando-baquedano","status":"publish","type":"post","link":"https:\/\/www.yungayino.cl\/noticias\/?p=17177","title":{"rendered":"Matices de Identidad Comunal Realiz\u00f3 Escuela Fernando Baquedano"},"content":{"rendered":"<p><img loading=\"lazy\" decoding=\"async\" class=\"alignnone size-full wp-image-17178\" src=\"http:\/\/www.yungayino.cl\/noticias\/wp-content\/uploads\/2016\/09\/matices_fernando_baquedano_201609.jpg\" alt=\"matices_fernando_baquedano_201609\" width=\"700\" height=\"350\" srcset=\"https:\/\/www.yungayino.cl\/noticias\/wp-content\/uploads\/2016\/09\/matices_fernando_baquedano_201609.jpg 700w, https:\/\/www.yungayino.cl\/noticias\/wp-content\/uploads\/2016\/09\/matices_fernando_baquedano_201609-300x150.jpg 300w\" sizes=\"auto, (max-width: 700px) 100vw, 700px\" \/><\/p>\n<p style=\"text-align: justify;\">Yungay, lunes 19 de septiembre 2016: En el Auditorio de la Biblioteca P\u00fablica Oreste Montero el pasado martes 13 de septiembre la Escuela Fernando Baquedano organizo la Tercera Versi\u00f3n de <strong>\u201cMatices de Identidad Comunal\u201d<\/strong>, actividad muy bonita que busca realizar un aporte a la cultura yungayina, b\u00e1sicamente por que se encuentra con parte de la historia de Yungay a trav\u00e9s de las personas que hoy han participado, donde le transmiten a las nuevas generaciones, que Yungay no es de hoy, sino que tiene su historia, la cual hay que cuidarla, valorarla y preservarla en el tiempo, as\u00ed lo se\u00f1alo al Portal Yungayino.cl el Profesor Zoilo Irarr\u00e1zaval.<\/p>\n<p style=\"text-align: justify;\">\n<p style=\"text-align: justify;\"><iframe loading=\"lazy\" src=\"https:\/\/www.facebook.com\/plugins\/post.php?href=https:\/\/www.facebook.com\/media\/set\/?set=a.1406544092693959.1073742931.159561284058919&#038;type=1&#038;l=b64c24bd09&#038;l=a77e327dc6&#038;l=f5951f1994&#038;l=bfecbb8adf&#038;l=687b6bf5da&#038;width=500&#038;show_text=true&#038;height=691&#038;appId\" width=\"500\" height=\"691\" style=\"border:none;overflow:hidden\" scrolling=\"no\" frameborder=\"0\" allowTransparency=\"true\"><\/iframe>\n<\/p>\n<p style=\"text-align: justify;\">\n<p style=\"text-align: justify;\">\n<p style=\"text-align: justify;\">Finalmente destacar que en esta versi\u00f3n participaron Sra. Mar\u00eda Gladys Avello, Sra. Yalile Sagurie, Sr. Luis Ovidio Saldias y Sr. Mario Salinas Silva, quienes al finalizar su participaci\u00f3n recibieron un galvano de reconocimiento entregado por el Director, Juan Francisco Troncoso.<\/p>\n<p style=\"text-align: justify;\">\n<p style=\"text-align: justify;\">[su_button url=\u00bbhttps:\/\/www.facebook.com\/media\/set\/?set=a.1406544092693959.1073742931.159561284058919&amp;type=1&amp;l=b64c24bd09&#8243; target=\u00bbblank\u00bb size=\u00bb7&#8243; radius=\u00bbround\u00bb icon=\u00bbicon: facebook-square\u00bb]FOTOGRAF\u00cdAS &#8211; Matices de Identidad Comunal Realiz\u00f3 Escuela Fernando Baquedano[\/su_button]<\/p>\n","protected":false},"excerpt":{"rendered":"<p>Yungay, lunes 19 de septiembre 2016: En el Auditorio de la Biblioteca P\u00fablica Oreste Montero el pasado martes 13 de septiembre la Escuela Fernando Baquedano organizo la Tercera Versi\u00f3n de \u201cMatices de Identidad Comunal\u201d,&#46;&#46;&#46;<\/p>\n","protected":false},"author":2,"featured_media":17178,"comment_status":"open","ping_status":"open","sticky":false,"template":"","format":"standard","meta":{"footnotes":""},"categories":[3,14,1],"tags":[190,1419,1115,8,6,117],"class_list":["post-17177","post","type-post","status-publish","format-standard","has-post-thumbnail","hentry","category-actualidad","category-historia","category-noticias","tag-escuela-fernando-baquedano","tag-matices-de-identidad","tag-noticias","tag-yungay","tag-yungayino","tag-yungayinocl"],"_links":{"self":[{"href":"https:\/\/www.yungayino.cl\/noticias\/index.php?rest_route=\/wp\/v2\/posts\/17177","targetHints":{"allow":["GET"]}}],"collection":[{"href":"https:\/\/www.yungayino.cl\/noticias\/index.php?rest_route=\/wp\/v2\/posts"}],"about":[{"href":"https:\/\/www.yungayino.cl\/noticias\/index.php?rest_route=\/wp\/v2\/types\/post"}],"author":[{"embeddable":true,"href":"https:\/\/www.yungayino.cl\/noticias\/index.php?rest_route=\/wp\/v2\/users\/2"}],"replies":[{"embeddable":true,"href":"https:\/\/www.yungayino.cl\/noticias\/index.php?rest_route=%2Fwp%2Fv2%2Fcomments&post=17177"}],"version-history":[{"count":1,"href":"https:\/\/www.yungayino.cl\/noticias\/index.php?rest_route=\/wp\/v2\/posts\/17177\/revisions"}],"predecessor-version":[{"id":17179,"href":"https:\/\/www.yungayino.cl\/noticias\/index.php?rest_route=\/wp\/v2\/posts\/17177\/revisions\/17179"}],"wp:featuredmedia":[{"embeddable":true,"href":"https:\/\/www.yungayino.cl\/noticias\/index.php?rest_route=\/wp\/v2\/media\/17178"}],"wp:attachment":[{"href":"https:\/\/www.yungayino.cl\/noticias\/index.php?rest_route=%2Fwp%2Fv2%2Fmedia&parent=17177"}],"wp:term":[{"taxonomy":"category","embeddable":true,"href":"https:\/\/www.yungayino.cl\/noticias\/index.php?rest_route=%2Fwp%2Fv2%2Fcategories&post=17177"},{"taxonomy":"post_tag","embeddable":true,"href":"https:\/\/www.yungayino.cl\/noticias\/index.php?rest_route=%2Fwp%2Fv2%2Ftags&post=17177"}],"curies":[{"name":"wp","href":"https:\/\/api.w.org\/{rel}","templated":true}]}}