{"id":17191,"date":"2016-09-19T18:00:55","date_gmt":"2016-09-19T21:00:55","guid":{"rendered":"http:\/\/www.yungayino.cl\/noticias\/?p=17191"},"modified":"2016-09-19T20:52:40","modified_gmt":"2016-09-19T23:52:40","slug":"campeonato-comunal-de-cueca-la-chabelita-en-fiestas-patrias-yungay-2016","status":"publish","type":"post","link":"https:\/\/www.yungayino.cl\/noticias\/?p=17191","title":{"rendered":"Campeonato Comunal de Cueca \u201cLa Chabelita\u201d en Fiestas Patrias Yungay 2016"},"content":{"rendered":"<p><img loading=\"lazy\" decoding=\"async\" class=\"alignnone size-full wp-image-17192\" src=\"http:\/\/www.yungayino.cl\/noticias\/wp-content\/uploads\/2016\/09\/comunal_cueca_fiestas_patrias_2016.jpg\" alt=\"comunal_cueca_fiestas_patrias_2016\" width=\"700\" height=\"440\" srcset=\"https:\/\/www.yungayino.cl\/noticias\/wp-content\/uploads\/2016\/09\/comunal_cueca_fiestas_patrias_2016.jpg 700w, https:\/\/www.yungayino.cl\/noticias\/wp-content\/uploads\/2016\/09\/comunal_cueca_fiestas_patrias_2016-300x189.jpg 300w, https:\/\/www.yungayino.cl\/noticias\/wp-content\/uploads\/2016\/09\/comunal_cueca_fiestas_patrias_2016-239x150.jpg 239w\" sizes=\"auto, (max-width: 700px) 100vw, 700px\" \/><\/p>\n<p style=\"text-align: justify;\">Yungay, lunes 19 septiembre 2016: Desde las 20:30 horas en el Sal\u00f3n Comunitario Multiuso y ante un gran marco de p\u00fablico se realiz\u00f3 como es tradicional el Campeonato Comunal de Cueca \u201cLa Chabelita\u201d, como parte de las actividades de fiestas patrias en nuestra comuna.<\/p>\n<p style=\"text-align: justify;\">La actividad estuvo animada por Herne Sandoval y cont\u00f3 con la asistencia del alcalde Pedro Inostroza Valenzuela, Concejo Municipal, adem\u00e1s de autoridades locales, invitados especiales y p\u00fablico en general.<\/p>\n<p style=\"text-align: justify;\">\n<p style=\"text-align: justify;\"><iframe loading=\"lazy\" src=\"https:\/\/www.facebook.com\/plugins\/post.php?href=https:\/\/www.facebook.com\/media\/set\/?set=a.1406660246015677.1073742935.159561284058919&#038;type=1&#038;l=68bfa12879&#038;l=a77e327dc6&#038;l=f5951f1994&#038;l=bfecbb8adf&#038;l=687b6bf5da&#038;width=500&#038;show_text=true&#038;height=691&#038;appId\" width=\"500\" height=\"691\" style=\"border:none;overflow:hidden\" scrolling=\"no\" frameborder=\"0\" allowTransparency=\"true\"><\/iframe>\n<\/p>\n<p style=\"text-align: justify;\">\n<p style=\"text-align: justify;\">\n<p style=\"text-align: justify;\">La interpretaci\u00f3n de nuestro baile nacional estuvo a cargo de los grupos folcl\u00f3ricos \u201cCantares de Yungay\u201d y \u201cMapuketr\u00e1n\u201d. El Conjunto folcl\u00f3rico \u201cPasi\u00f3n Cuequera\u201d Present\u00f3 un cuadro de Fantas\u00eda Huasa.<\/p>\n<p style=\"text-align: justify;\">El jurado compuesto por Camila Flores y Marcos Baeza, fueron los encargados de la dif\u00edcil misi\u00f3n de seleccionar a los ganadores de las diferentes categor\u00edas, qui\u00e9nes se hicieron acreedores de los premios que consist\u00edan en $50 mil pesos para los primeros lugares, $25 mil pesos para el segundo lugar y todos los participantes recibieron diploma de participaci\u00f3n.<\/p>\n<p style=\"text-align: justify;\"><strong>\u00a0<\/strong><\/p>\n<p style=\"text-align: justify;\"><strong>Ganadores Categor\u00eda Infantil<\/strong><\/p>\n<p style=\"text-align: justify;\">1\u00b0 Lugar: Bel\u00e9n Sald\u00eda Friz y Sebasti\u00e1n Pardo Bravo<\/p>\n<p style=\"text-align: justify;\">\u00a0<strong>Ganadores Categor\u00eda Adolescente<\/strong><\/p>\n<p style=\"text-align: justify;\"><strong>\u00a0<\/strong>1\u00b0 Lugar: Dankareth Romero Mu\u00f1oz y Dami\u00e1n Mellado Cea<\/p>\n<p style=\"text-align: justify;\">\u00a0<strong>Ganadores Categor\u00eda Juvenil<\/strong><\/p>\n<p style=\"text-align: justify;\"><strong>\u00a0<\/strong>1\u00b0 Lugar: Elizabeth Cris\u00f3stomo y Manuel Cris\u00f3stomo<\/p>\n<p style=\"text-align: justify;\">[su_button url=\u00bbhttps:\/\/www.facebook.com\/media\/set\/?set=a.1406660246015677.1073742935.159561284058919&amp;type=1&amp;l=68bfa12879&#8243; target=\u00bbblank\u00bb size=\u00bb7&#8243; radius=\u00bbround\u00bb icon=\u00bbicon: facebook-square\u00bb]FOTOGRAF\u00cdAS &#8211; Campeonato Comunal de Cueca \u201cLa Chabelita\u201d en Fiestas Patrias Yungay 2016[\/su_button]<\/p>\n","protected":false},"excerpt":{"rendered":"<p>Yungay, lunes 19 septiembre 2016: Desde las 20:30 horas en el Sal\u00f3n Comunitario Multiuso y ante un gran marco de p\u00fablico se realiz\u00f3 como es tradicional el Campeonato Comunal de Cueca \u201cLa Chabelita\u201d, como&#46;&#46;&#46;<\/p>\n","protected":false},"author":2,"featured_media":17192,"comment_status":"open","ping_status":"open","sticky":false,"template":"","format":"standard","meta":{"footnotes":""},"categories":[5,1],"tags":[417,528,1420,1115,8,6,117],"class_list":["post-17191","post","type-post","status-publish","format-standard","has-post-thumbnail","hentry","category-eventos","category-noticias","tag-comunal-cueca","tag-fiestas-patrias","tag-la-chabelita","tag-noticias","tag-yungay","tag-yungayino","tag-yungayinocl"],"_links":{"self":[{"href":"https:\/\/www.yungayino.cl\/noticias\/index.php?rest_route=\/wp\/v2\/posts\/17191","targetHints":{"allow":["GET"]}}],"collection":[{"href":"https:\/\/www.yungayino.cl\/noticias\/index.php?rest_route=\/wp\/v2\/posts"}],"about":[{"href":"https:\/\/www.yungayino.cl\/noticias\/index.php?rest_route=\/wp\/v2\/types\/post"}],"author":[{"embeddable":true,"href":"https:\/\/www.yungayino.cl\/noticias\/index.php?rest_route=\/wp\/v2\/users\/2"}],"replies":[{"embeddable":true,"href":"https:\/\/www.yungayino.cl\/noticias\/index.php?rest_route=%2Fwp%2Fv2%2Fcomments&post=17191"}],"version-history":[{"count":1,"href":"https:\/\/www.yungayino.cl\/noticias\/index.php?rest_route=\/wp\/v2\/posts\/17191\/revisions"}],"predecessor-version":[{"id":17193,"href":"https:\/\/www.yungayino.cl\/noticias\/index.php?rest_route=\/wp\/v2\/posts\/17191\/revisions\/17193"}],"wp:featuredmedia":[{"embeddable":true,"href":"https:\/\/www.yungayino.cl\/noticias\/index.php?rest_route=\/wp\/v2\/media\/17192"}],"wp:attachment":[{"href":"https:\/\/www.yungayino.cl\/noticias\/index.php?rest_route=%2Fwp%2Fv2%2Fmedia&parent=17191"}],"wp:term":[{"taxonomy":"category","embeddable":true,"href":"https:\/\/www.yungayino.cl\/noticias\/index.php?rest_route=%2Fwp%2Fv2%2Fcategories&post=17191"},{"taxonomy":"post_tag","embeddable":true,"href":"https:\/\/www.yungayino.cl\/noticias\/index.php?rest_route=%2Fwp%2Fv2%2Ftags&post=17191"}],"curies":[{"name":"wp","href":"https:\/\/api.w.org\/{rel}","templated":true}]}}