{"id":17197,"date":"2016-09-23T08:00:51","date_gmt":"2016-09-23T11:00:51","guid":{"rendered":"http:\/\/www.yungayino.cl\/noticias\/?p=17197"},"modified":"2016-09-23T10:47:04","modified_gmt":"2016-09-23T13:47:04","slug":"en-yungay-se-constituyo-nuevo-club-de-cueca-corazon-cuequero","status":"publish","type":"post","link":"https:\/\/www.yungayino.cl\/noticias\/?p=17197","title":{"rendered":"En Yungay se Constituy\u00f3 Nuevo Club de Cueca \u201cCoraz\u00f3n Cuequero\u201d"},"content":{"rendered":"<p><img loading=\"lazy\" decoding=\"async\" class=\"alignnone size-full wp-image-17198\" src=\"http:\/\/www.yungayino.cl\/noticias\/wp-content\/uploads\/2016\/09\/club_cueca_corazon_cuequero.jpg\" alt=\"club_cueca_corazon_cuequero\" width=\"700\" height=\"350\" srcset=\"https:\/\/www.yungayino.cl\/noticias\/wp-content\/uploads\/2016\/09\/club_cueca_corazon_cuequero.jpg 700w, https:\/\/www.yungayino.cl\/noticias\/wp-content\/uploads\/2016\/09\/club_cueca_corazon_cuequero-300x150.jpg 300w\" sizes=\"auto, (max-width: 700px) 100vw, 700px\" \/><\/p>\n<p style=\"text-align: justify;\">Yungay, viernes 23 de septiembre 2016: En las dependencias del Gimnasio Multiuso el pasado mi\u00e9rcoles 21 de septiembre se constituy\u00f3 el nuevo Club de Cueca <strong>\u201cCoraz\u00f3n Cuequero\u201d<\/strong>, el cual estar\u00e1 a cargo del Monitor Sr. V\u00edctor Grand\u00f3n.<\/p>\n<p style=\"text-align: justify;\">\n<p style=\"text-align: justify;\"><iframe loading=\"lazy\" src=\"https:\/\/www.facebook.com\/plugins\/post.php?href=https:\/\/www.facebook.com\/media\/set\/?set=a.1409866622361706.1073742937.159561284058919&#038;type=1&#038;l=a31ef4b66c&#038;l=a77e327dc6&#038;l=f5951f1994&#038;l=bfecbb8adf&#038;l=687b6bf5da&#038;width=500&#038;show_text=true&#038;height=691&#038;appId\" width=\"500\" height=\"691\" style=\"border:none;overflow:hidden\" scrolling=\"no\" frameborder=\"0\" allowTransparency=\"true\"><\/iframe>\n<\/p>\n<p style=\"text-align: justify;\">\n<p style=\"text-align: justify;\">\n<p style=\"text-align: justify;\">En la ocasi\u00f3n se reunieron los integrantes del nuevo club, el cual est\u00e1 integrado tanto por personas adultas como ni\u00f1os(as), quienes producto del amor a nuestro baile nacional \u201dLa Cueca\u201d decidieron formar este nuevo club con el objetivo com\u00fan de poder formar nuevos campeones para nuestra comuna as\u00ed como tambi\u00e9n participar de muestras y competencias.<\/p>\n<p style=\"text-align: justify;\">Destacar que durante esta jornada se cont\u00f3 con la asistencia del Profesional y Asistente Social de la Municipalidad de Yungay Sr. Miguel Badilla, qui\u00e9n actu\u00f3 como Ministro de Fe durante la recolecci\u00f3n de firmas para la constituci\u00f3n de este nuevo club, adem\u00e1s en la ocasi\u00f3n se dieron a conocer los derechos y deberes que deben cumplir como una nueva organizaci\u00f3n comunitaria y lo que se\u00f1ala la Ley 20.500.<\/p>\n<p style=\"text-align: justify;\">Finalmente el Monitor Sr. V\u00edctor Grand\u00f3n se\u00f1alo al Equipo del Portal Yungayino.cl, que quienes quieran unirse a este Club, pueden comunicarse al celular 977911419 o acercarse a los ensayos todos los martes y jueves de 18:30 a 20:00 horas en el Sal\u00f3n Multiuso, adem\u00e1s destaco que la Directiva quedo conformada por las siguientes personas.<\/p>\n<p style=\"text-align: justify;\"><strong>Presidente:<\/strong> Luis Cabezas Vallejos<\/p>\n<p style=\"text-align: justify;\"><strong>Secretaria:<\/strong> Mar\u00eda Sandoval Leiva<\/p>\n<p style=\"text-align: justify;\"><strong>Tesorero:<\/strong> Enrique Manr\u00edquez Fritz<\/p>\n<p style=\"text-align: justify;\">\n<p style=\"text-align: justify;\">[su_button url=\u00bbhttps:\/\/www.facebook.com\/media\/set\/?set=a.1409866622361706.1073742937.159561284058919&amp;type=1&amp;l=a31ef4b66c\u00bb target=\u00bbblank\u00bb size=\u00bb7&#8243; radius=\u00bbround\u00bb icon=\u00bbicon: facebook-square\u00bb]FOTOGRAF\u00cdAS &#8211; En Yungay se Constituy\u00f3 Nuevo Club de Cueca \u201cCoraz\u00f3n Cuequero\u201d[\/su_button]<\/p>\n","protected":false},"excerpt":{"rendered":"<p>Yungay, viernes 23 de septiembre 2016: En las dependencias del Gimnasio Multiuso el pasado mi\u00e9rcoles 21 de septiembre se constituy\u00f3 el nuevo Club de Cueca \u201cCoraz\u00f3n Cuequero\u201d, el cual estar\u00e1 a cargo del Monitor&#46;&#46;&#46;<\/p>\n","protected":false},"author":2,"featured_media":17198,"comment_status":"open","ping_status":"open","sticky":false,"template":"","format":"standard","meta":{"footnotes":""},"categories":[1],"tags":[1422,1421,1115,8,6,117],"class_list":["post-17197","post","type-post","status-publish","format-standard","has-post-thumbnail","hentry","category-noticias","tag-club-de-cueca","tag-corazon-cuequero","tag-noticias","tag-yungay","tag-yungayino","tag-yungayinocl"],"_links":{"self":[{"href":"https:\/\/www.yungayino.cl\/noticias\/index.php?rest_route=\/wp\/v2\/posts\/17197","targetHints":{"allow":["GET"]}}],"collection":[{"href":"https:\/\/www.yungayino.cl\/noticias\/index.php?rest_route=\/wp\/v2\/posts"}],"about":[{"href":"https:\/\/www.yungayino.cl\/noticias\/index.php?rest_route=\/wp\/v2\/types\/post"}],"author":[{"embeddable":true,"href":"https:\/\/www.yungayino.cl\/noticias\/index.php?rest_route=\/wp\/v2\/users\/2"}],"replies":[{"embeddable":true,"href":"https:\/\/www.yungayino.cl\/noticias\/index.php?rest_route=%2Fwp%2Fv2%2Fcomments&post=17197"}],"version-history":[{"count":1,"href":"https:\/\/www.yungayino.cl\/noticias\/index.php?rest_route=\/wp\/v2\/posts\/17197\/revisions"}],"predecessor-version":[{"id":17199,"href":"https:\/\/www.yungayino.cl\/noticias\/index.php?rest_route=\/wp\/v2\/posts\/17197\/revisions\/17199"}],"wp:featuredmedia":[{"embeddable":true,"href":"https:\/\/www.yungayino.cl\/noticias\/index.php?rest_route=\/wp\/v2\/media\/17198"}],"wp:attachment":[{"href":"https:\/\/www.yungayino.cl\/noticias\/index.php?rest_route=%2Fwp%2Fv2%2Fmedia&parent=17197"}],"wp:term":[{"taxonomy":"category","embeddable":true,"href":"https:\/\/www.yungayino.cl\/noticias\/index.php?rest_route=%2Fwp%2Fv2%2Fcategories&post=17197"},{"taxonomy":"post_tag","embeddable":true,"href":"https:\/\/www.yungayino.cl\/noticias\/index.php?rest_route=%2Fwp%2Fv2%2Ftags&post=17197"}],"curies":[{"name":"wp","href":"https:\/\/api.w.org\/{rel}","templated":true}]}}