{"id":17217,"date":"2016-10-02T21:21:19","date_gmt":"2016-10-03T00:21:19","guid":{"rendered":"http:\/\/www.yungayino.cl\/noticias\/?p=17217"},"modified":"2016-10-02T21:39:18","modified_gmt":"2016-10-03T00:39:18","slug":"escuela-rural-pallahuala-de-yungay-realizo-emotivo-acto-y-pena-folclorica-despidiendo-septiembre","status":"publish","type":"post","link":"https:\/\/www.yungayino.cl\/noticias\/?p=17217","title":{"rendered":"Escuela Rural Pallahuala de Yungay Realizo Emotivo Acto y Pe\u00f1a Folcl\u00f3rica \u201cDespidiendo Septiembre\u201d"},"content":{"rendered":"<p><img loading=\"lazy\" decoding=\"async\" class=\"alignnone size-full wp-image-17218\" src=\"http:\/\/www.yungayino.cl\/noticias\/wp-content\/uploads\/2016\/10\/pallahuala_201610.jpg\" alt=\"pallahuala_201610\" width=\"700\" height=\"393\" srcset=\"https:\/\/www.yungayino.cl\/noticias\/wp-content\/uploads\/2016\/10\/pallahuala_201610.jpg 700w, https:\/\/www.yungayino.cl\/noticias\/wp-content\/uploads\/2016\/10\/pallahuala_201610-300x168.jpg 300w, https:\/\/www.yungayino.cl\/noticias\/wp-content\/uploads\/2016\/10\/pallahuala_201610-267x150.jpg 267w\" sizes=\"auto, (max-width: 700px) 100vw, 700px\" \/><\/p>\n<p style=\"text-align: justify;\">Yungay, domingo 02 de octubre 2016: La Comunidad Educativa de la <strong>Escuela Rural de Pallahualla<\/strong>, ubicada a 10 Km de la comuna de Yungay, realizo una Pe\u00f1a Folcl\u00f3rica y un emotivo acto denominado \u201cDespidiendo Septiembre\u201d.<\/p>\n<p style=\"text-align: justify;\">Destacar el esfuerzo y adem\u00e1s la activa participaci\u00f3n de los seis alumnos que componen esta unidad educativa rural b\u00e1sica de nuestra comuna, la cual es dirigida por la profesora, Lilian Zapata Silva, qui\u00e9n lidero la realizaci\u00f3n de este emotivo y hermoso acto efectuado por estos ni\u00f1os(a).<\/p>\n<p style=\"text-align: justify;\">\n<p style=\"text-align: justify;\"><iframe loading=\"lazy\" src=\"https:\/\/www.facebook.com\/plugins\/post.php?href=https:\/\/www.facebook.com\/media\/set\/?set=a.1419493441399024.1073742943.159561284058919&#038;type=1&#038;l=2f1537304f&#038;l=a77e327dc6&#038;l=f5951f1994&#038;l=bfecbb8adf&#038;l=687b6bf5da&#038;width=500&#038;show_text=true&#038;height=691&#038;appId\" width=\"500\" height=\"691\" style=\"border:none;overflow:hidden\" scrolling=\"no\" frameborder=\"0\" allowTransparency=\"true\"><\/iframe>\n<\/p>\n<p style=\"text-align: justify;\">\n<p style=\"text-align: justify;\">\n<p style=\"text-align: justify;\">La actividad comenz\u00f3 con la invitaci\u00f3n por parte del alumno Eduardo Herrera a las autoridades presentes a cantar el Himno Nacional, para luego continuar con las hermosas presentaciones art\u00edsticas que incluy\u00f3 un variado cuadro de bailes folcl\u00f3ricos, poes\u00edas y payas interpretados por los alumnos<\/p>\n<p style=\"text-align: justify;\">Se\u00f1alar que estuvieron presentes en esta jornada, el concejal Rafael Cifuentes y en Representaci\u00f3n de ARAUCO el Jefe del Departamento de Planta Energ\u00eda, Ronnie Sandoval, padres, apoderados y el Equipo del Portal Yungayino.cl<\/p>\n<p style=\"text-align: justify;\">Lilian Zapata Silva, se\u00f1alo al Equipo del Portal Yungayino.cl estar muy contenta por el respaldo de sus apoderados que son tan importante cuando uno quiere realizar estas actividades, tambi\u00e9n destaco la participaci\u00f3n de sus alumnos, quienes siempre se est\u00e1n esforzando para obtener grandes logros y seguir creciendo en el futuro.<\/p>\n<p style=\"text-align: justify;\">Finalmente todos los presentes participaron de las actividades que contemplaban competencias de juegos t\u00edpicos, concurso de payas, para finalmente compartir un coctel dieciocheno especialmente preparado para la ocasi\u00f3n por los apoderados.<\/p>\n<p style=\"text-align: justify;\">\n<p style=\"text-align: justify;\"><strong>[su_button url=\u00bbhttps:\/\/www.facebook.com\/media\/set\/?set=a.1419493441399024.1073742943.159561284058919&amp;type=1&amp;l=2f1537304f\u00bb target=\u00bbblank\u00bb size=\u00bb7&#8243; radius=\u00bbround\u00bb icon=\u00bbicon: facebook-square\u00bb]FOTOGRAF\u00cdAS &#8211; Escuela Rural Pallahuala de Yungay Realizo Emotivo Acto y Pe\u00f1a Folcl\u00f3rica \u201cDespidiendo Septiembre\u201d[\/su_button]<\/strong><\/p>\n","protected":false},"excerpt":{"rendered":"<p>Yungay, domingo 02 de octubre 2016: La Comunidad Educativa de la Escuela Rural de Pallahualla, ubicada a 10 Km de la comuna de Yungay, realizo una Pe\u00f1a Folcl\u00f3rica y un emotivo acto denominado \u201cDespidiendo&#46;&#46;&#46;<\/p>\n","protected":false},"author":2,"featured_media":17218,"comment_status":"open","ping_status":"open","sticky":false,"template":"","format":"standard","meta":{"footnotes":""},"categories":[1],"tags":[1425,912,1115,8,6,117],"class_list":["post-17217","post","type-post","status-publish","format-standard","has-post-thumbnail","hentry","category-noticias","tag-despidiendo-septiembre","tag-escuela-pallahuala","tag-noticias","tag-yungay","tag-yungayino","tag-yungayinocl"],"_links":{"self":[{"href":"https:\/\/www.yungayino.cl\/noticias\/index.php?rest_route=\/wp\/v2\/posts\/17217","targetHints":{"allow":["GET"]}}],"collection":[{"href":"https:\/\/www.yungayino.cl\/noticias\/index.php?rest_route=\/wp\/v2\/posts"}],"about":[{"href":"https:\/\/www.yungayino.cl\/noticias\/index.php?rest_route=\/wp\/v2\/types\/post"}],"author":[{"embeddable":true,"href":"https:\/\/www.yungayino.cl\/noticias\/index.php?rest_route=\/wp\/v2\/users\/2"}],"replies":[{"embeddable":true,"href":"https:\/\/www.yungayino.cl\/noticias\/index.php?rest_route=%2Fwp%2Fv2%2Fcomments&post=17217"}],"version-history":[{"count":1,"href":"https:\/\/www.yungayino.cl\/noticias\/index.php?rest_route=\/wp\/v2\/posts\/17217\/revisions"}],"predecessor-version":[{"id":17219,"href":"https:\/\/www.yungayino.cl\/noticias\/index.php?rest_route=\/wp\/v2\/posts\/17217\/revisions\/17219"}],"wp:featuredmedia":[{"embeddable":true,"href":"https:\/\/www.yungayino.cl\/noticias\/index.php?rest_route=\/wp\/v2\/media\/17218"}],"wp:attachment":[{"href":"https:\/\/www.yungayino.cl\/noticias\/index.php?rest_route=%2Fwp%2Fv2%2Fmedia&parent=17217"}],"wp:term":[{"taxonomy":"category","embeddable":true,"href":"https:\/\/www.yungayino.cl\/noticias\/index.php?rest_route=%2Fwp%2Fv2%2Fcategories&post=17217"},{"taxonomy":"post_tag","embeddable":true,"href":"https:\/\/www.yungayino.cl\/noticias\/index.php?rest_route=%2Fwp%2Fv2%2Ftags&post=17217"}],"curies":[{"name":"wp","href":"https:\/\/api.w.org\/{rel}","templated":true}]}}