{"id":17220,"date":"2016-10-02T21:31:00","date_gmt":"2016-10-03T00:31:00","guid":{"rendered":"http:\/\/www.yungayino.cl\/noticias\/?p=17220"},"modified":"2016-10-02T21:31:00","modified_gmt":"2016-10-03T00:31:00","slug":"adultos-mayores-de-yungay-celebraron-el-dia-internacional-del-adulto-mayor","status":"publish","type":"post","link":"https:\/\/www.yungayino.cl\/noticias\/?p=17220","title":{"rendered":"Adultos Mayores de Yungay Celebraron el \u201cD\u00eda Internacional del Adulto Mayor\u201d"},"content":{"rendered":"<p style=\"text-align: justify;\"><img loading=\"lazy\" decoding=\"async\" class=\"alignnone size-full wp-image-17221\" src=\"http:\/\/www.yungayino.cl\/noticias\/wp-content\/uploads\/2016\/10\/dia_adulto_mayor_2016.jpg\" alt=\"dia_adulto_mayor_2016\" width=\"700\" height=\"393\" srcset=\"https:\/\/www.yungayino.cl\/noticias\/wp-content\/uploads\/2016\/10\/dia_adulto_mayor_2016.jpg 700w, https:\/\/www.yungayino.cl\/noticias\/wp-content\/uploads\/2016\/10\/dia_adulto_mayor_2016-300x168.jpg 300w, https:\/\/www.yungayino.cl\/noticias\/wp-content\/uploads\/2016\/10\/dia_adulto_mayor_2016-267x150.jpg 267w\" sizes=\"auto, (max-width: 700px) 100vw, 700px\" \/><\/p>\n<p style=\"text-align: justify;\">Yungay, domingo 02 de octubre 2016: En el Gimnasio Multiuso y como es tradicional la Ilustre Municipalidad de nuestra comuna organiz\u00f3 en conjunto con el Departamento de Desarrollo Comunitario y la Uni\u00f3n Comunal de Adultos Mayores un almuerzo y show con motivo de la celebraci\u00f3n del \u201cD\u00eda Internacional del Adulto Mayor\u201d, el cu\u00e1l cont\u00f3 con una masiva convocatoria de los diferentes clubes de adultos mayores tanto del sector rural como urbano de la comuna.<\/p>\n<p style=\"text-align: justify;\">La actividad, ya consolidada como una celebraci\u00f3n esperada por todos los abuelitos de las asociaciones de adultos mayores, estuvo encabezada por el alcalde Pedro Inostroza Valenzuela, la Jefa del Departamento de DIDECO, Marcia Ortiz, la Presidenta de la Uni\u00f3n Comunal de Adultos Mayores, Gladys Ben\u00edtez San Martin y concejales.<\/p>\n<p style=\"text-align: justify;\">\n<p style=\"text-align: justify;\"><iframe loading=\"lazy\" src=\"https:\/\/www.facebook.com\/plugins\/post.php?href=https:\/\/www.facebook.com\/media\/set\/?set=a.1419500771398291.1073742944.159561284058919&#038;type=1&#038;l=1f00614102&#038;l=a77e327dc6&#038;l=f5951f1994&#038;l=bfecbb8adf&#038;l=687b6bf5da&#038;width=500&#038;show_text=true&#038;height=691&#038;appId\" width=\"500\" height=\"691\" style=\"border:none;overflow:hidden\" scrolling=\"no\" frameborder=\"0\" allowTransparency=\"true\"><\/iframe>\n<\/p>\n<p style=\"text-align: justify;\">\n<p style=\"text-align: justify;\">\n<p style=\"text-align: justify;\">Marcia Ortiz, Jefa del Departamento de DIDECO se\u00f1alo al Equipo del Portal Yungayino.cl, que esta tradicional celebraci\u00f3n es parte de las prioridades del alcalde y todo el municipio como parte de la preocupaci\u00f3n por los Adultos Mayores de nuestra comuna, donde tambi\u00e9n destaco que esta actividad es el cierre de una de las tantas actividades que se han desarrollado durante el a\u00f1o.<\/p>\n<p style=\"text-align: justify;\">La actividad resulto todo un \u00e9xito por la gran asistencia de adultos, donde tambi\u00e9n se destac\u00f3 a todo el Equipo del Departamento de DIDECO, quienes en todo momento atendieron y regalonearon a los adultos presentes entreg\u00e1ndoles tambi\u00e9n un peque\u00f1o obsequio como en todas las celebraciones anteriores.<\/p>\n<p style=\"text-align: justify;\">Finalmente la actividad contemplo tambi\u00e9n un show art\u00edstico que cont\u00f3 con la participaci\u00f3n del artista \u201cCrist\u00f3bal\u201d de la ciudad de Los \u00c1ngeles y termino con todo el ritmo ranchero del Grupo \u201cTernura Ranchera\u201d de la ciudad de Nacimiento, quienes con su alegre ritmo hicieron bailar a los adultos.<\/p>\n<p style=\"text-align: justify;\">\n<p style=\"text-align: justify;\"><strong>[su_button url=\u00bbhttps:\/\/www.facebook.com\/media\/set\/?set=a.1419500771398291.1073742944.159561284058919&amp;type=1&amp;l=1f00614102&#8243; target=\u00bbblank\u00bb size=\u00bb7&#8243; radius=\u00bbround\u00bb icon=\u00bbicon: facebook-square\u00bb]FOTOGRAF\u00cdAS &#8211; Adultos Mayores de Yungay Celebraron el \u201cD\u00eda Internacional del Adulto Mayor\u201d[\/su_button]<\/strong><\/p>\n","protected":false},"excerpt":{"rendered":"<p>Yungay, domingo 02 de octubre 2016: En el Gimnasio Multiuso y como es tradicional la Ilustre Municipalidad de nuestra comuna organiz\u00f3 en conjunto con el Departamento de Desarrollo Comunitario y la Uni\u00f3n Comunal de&#46;&#46;&#46;<\/p>\n","protected":false},"author":2,"featured_media":17221,"comment_status":"open","ping_status":"open","sticky":false,"template":"","format":"standard","meta":{"footnotes":""},"categories":[5,1],"tags":[548,1115,8,6,117],"class_list":["post-17220","post","type-post","status-publish","format-standard","has-post-thumbnail","hentry","category-eventos","category-noticias","tag-dia-adulto-mayor","tag-noticias","tag-yungay","tag-yungayino","tag-yungayinocl"],"_links":{"self":[{"href":"https:\/\/www.yungayino.cl\/noticias\/index.php?rest_route=\/wp\/v2\/posts\/17220","targetHints":{"allow":["GET"]}}],"collection":[{"href":"https:\/\/www.yungayino.cl\/noticias\/index.php?rest_route=\/wp\/v2\/posts"}],"about":[{"href":"https:\/\/www.yungayino.cl\/noticias\/index.php?rest_route=\/wp\/v2\/types\/post"}],"author":[{"embeddable":true,"href":"https:\/\/www.yungayino.cl\/noticias\/index.php?rest_route=\/wp\/v2\/users\/2"}],"replies":[{"embeddable":true,"href":"https:\/\/www.yungayino.cl\/noticias\/index.php?rest_route=%2Fwp%2Fv2%2Fcomments&post=17220"}],"version-history":[{"count":1,"href":"https:\/\/www.yungayino.cl\/noticias\/index.php?rest_route=\/wp\/v2\/posts\/17220\/revisions"}],"predecessor-version":[{"id":17222,"href":"https:\/\/www.yungayino.cl\/noticias\/index.php?rest_route=\/wp\/v2\/posts\/17220\/revisions\/17222"}],"wp:featuredmedia":[{"embeddable":true,"href":"https:\/\/www.yungayino.cl\/noticias\/index.php?rest_route=\/wp\/v2\/media\/17221"}],"wp:attachment":[{"href":"https:\/\/www.yungayino.cl\/noticias\/index.php?rest_route=%2Fwp%2Fv2%2Fmedia&parent=17220"}],"wp:term":[{"taxonomy":"category","embeddable":true,"href":"https:\/\/www.yungayino.cl\/noticias\/index.php?rest_route=%2Fwp%2Fv2%2Fcategories&post=17220"},{"taxonomy":"post_tag","embeddable":true,"href":"https:\/\/www.yungayino.cl\/noticias\/index.php?rest_route=%2Fwp%2Fv2%2Ftags&post=17220"}],"curies":[{"name":"wp","href":"https:\/\/api.w.org\/{rel}","templated":true}]}}